{"id":7579,"date":"2013-01-11T10:50:12","date_gmt":"2013-01-11T09:50:12","guid":{"rendered":"http:\/\/blog.justhvk.hu\/?p=7579"},"modified":"2013-01-11T10:50:12","modified_gmt":"2013-01-11T09:50:12","slug":"forro-tea-mellett-a-telrol-a-pusztarol-es-szivet-melengeto-jo-hirekrol","status":"publish","type":"post","link":"https:\/\/blog.justhvk.hu\/blog\/forro-tea-mellett-a-telrol-a-pusztarol-es-szivet-melengeto-jo-hirekrol\/","title":{"rendered":"Forr\u00f3 tea mellett a t\u00e9lr\u0151l, a puszt\u00e1r\u00f3l \u2013 \u00e9s sz\u00edvet melenget\u0151 j\u00f3 h\u00edrekr\u0151l"},"content":{"rendered":"<p style=\"text-align: left;\"><span style=\"font-size: small;\"><strong>Negyedik \u00f6sszej\u00f6vetel\u00e9t tartotta nyugd\u00edjas pedag\u00f3gusok Justh Zsigmond olvas\u00f3k\u00f6re<\/strong><\/span><\/p>\n<p style=\"text-align: left;\"><span style=\"font-size: small;\"><strong> <\/strong><\/span><span style=\"font-size: small;\">A janu\u00e1r irodalmunk tal\u00e1n legvar\u00e1zslatosabb h\u00f3napja. Gondoljuk csak v\u00e9gig:  a mai napig is a legismertebb, legn\u00e9pszer\u0171bb k\u00f6lt\u0151nk, <\/span><span style=\"font-size: small;\"><strong>Pet\u0151fi S\u00e1ndor janu\u00e1r elsej\u00e9n, <\/strong><\/span><span style=\"font-size: small;\">nemzeti dr\u00e1mairodalmunk \u2013 emberis\u00e9gk\u00f6ltem\u00e9ny\u00fcnk, Az ember trag\u00e9di\u00e1ja \u00edr\u00f3ja, <\/span><span style=\"font-size: small;\"><strong>Mad\u00e1ch Imre <\/strong><\/span><span style=\"font-size: small;\">pedig <\/span><span style=\"font-size: small;\"><strong>janu\u00e1r 21-\u00e9n sz\u00fcletett<\/strong><\/span><span style=\"font-size: small;\">.  \u00c9s <\/span><span style=\"font-size: small;\"><strong>janu\u00e1r 22-\u00e9n  \u00fcnnepelj\u00fck a magyar kult\u00fara napj\u00e1t<\/strong><\/span><span style=\"font-size: small;\"> &#8211;  arra eml\u00e9kezve, hogy K\u00f6lcsey Ferenc ezen a napon fejezte be a nemzeti \u00e9nek\u00fcnkk\u00e9 v\u00e1lt Himnusz meg\u00edr\u00e1s\u00e1t.<!--more--><br \/>\n<\/span><\/p>\n<p><span style=\"font-size: small;\">Van teh\u00e1t mit felid\u00e9zni, mir\u0151l megeml\u00e9kezni! <\/span><span style=\"font-size: small;\"><strong>A nyugd\u00edjas pedag\u00f3gusok Justh Zsigmond olvas\u00f3k\u00f6re<\/strong><\/span><span style=\"font-size: small;\"> janu\u00e1ri \u00f6sszej\u00f6vetel\u00e9n Pet\u0151fi S\u00e1ndort  A puszta, t\u00e9len c\u00edm\u0171 vers\u00e9t  megbesz\u00e9lve, meghallgatva id\u00e9zte meg. <\/span><span style=\"font-size: small;\"><strong>Wass Albert sz\u00fclet\u00e9s\u00e9nek 105. \u00e9vfordul\u00f3j\u00e1ra eml\u00e9kezve pedig  az \u201e \u00dczenet haza\u201d<\/strong><\/span><span style=\"font-size: small;\"> sz\u00edvbemarkol\u00f3an sz\u00e9p \u00edr\u00e1s\u00e1t Sinkovits Imre tolm\u00e1csol\u00e1s\u00e1ban hallgatt\u00e1k meg a r\u00e9szt vev\u0151k. <\/span><\/p>\n<p><span style=\"font-size: small;\"><strong>A h\u00edrek rovatban <\/strong><\/span><span style=\"font-size: small;\">remek dolgok hangzottak el! <\/span><span style=\"font-size: small;\"><strong>Gr\u00e9tsy L\u00e1szl\u00f3 professzor \u00far Prima Primissima d\u00edja<\/strong><\/span><span style=\"font-size: small;\"> az oktat\u00e1s \u00e9s k\u00f6znevel\u00e9s kateg\u00f3ri\u00e1ban \u2013 ritka rangos elismer\u00e9se a nyelvm\u0171vel\u00e9snek, az anyanyelv\u00e1pol\u00e1snak is.  De \u00f6r\u00f6mh\u00edr az is, hogy L\u0151rincze-d\u00edjban r\u00e9szes\u00fclt az anyanyelv\u00e1pol\u00e1s f\u00e1radhatatlan szervez\u0151je, <\/span><span style=\"font-size: small;\"><strong>Kerekes Barnab\u00e1s<\/strong><\/span><span style=\"font-size: small;\">, a Ba\u00e1r-Madas Reform\u00e1tus Gimn\u00e1zium tan\u00e1ra.<\/span><\/p>\n<p><span style=\"font-size: small;\">K\u00f6zelebbi t\u00e1j\u00e9kunkon maradva pedig arr\u00f3l \u00e9rtes\u00fclhett\u00fcnk, hogy  az <\/span><span style=\"font-size: small;\"><strong>orosh\u00e1zi fiatalok olvas\u00f3k\u00f6re <\/strong><\/span><span style=\"font-size: small;\">megalakult \u2013 ez \u00faton is sikereket k\u00edv\u00e1nunk nekik! <\/span><span style=\"font-size: small;\"><strong>Olvas\u00f3k\u00f6r szervez\u0151d\u00f6tt T\u00f3tkoml\u00f3son \u00e9s V\u00e9szt\u0151n is<\/strong><\/span><span style=\"font-size: small;\">.  Vajon az olvas\u00f3k\u00f6r, az \u00f6nm\u0171vel\u00e9s \u00fajra divatba j\u00f6n? M\u00e9g a v\u00e9g\u00e9n \u201etrendik\u201d lesz\u00fcnk! <\/span><\/p>\n<p><span style=\"font-size: small;\">Minden esetre a mostani \u00f6sszej\u00f6vetel j\u00f3 hangulatban \u00e9s a j\u00f6v\u0151t tervezgetve \u00e9rt v\u00e9get \u2013 Antali Imre \u201e\u00fajszer\u0171\u201d tolm\u00e1csol\u00e1s\u00e1ban Pet\u0151fi Egy gondolat b\u00e1nt <\/span><\/p>\n<p><span style=\"font-size: small;\">engemet c. vers\u00e9t n\u00e9zt\u00fck, hallgattuk meg \u2013 zseni\u00e1lis alkot\u00f3t, zseni\u00e1lisan tolm\u00e1csolva, \u00e9s egy gondolatunk nek\u00fcnk is t\u00e1madt \u2013 j\u00f3 \u00f6sszej\u00f6nni, egy cs\u00e9sze forr\u00f3 tea mellett  besz\u00e9lgetni, k\u00f6z\u00f6ss\u00e9gre tal\u00e1lni. Tal\u00e1n ezt is jelenti az olvas\u00f3k\u00f6r. A k\u00f6vetkez\u0151, febru\u00e1r 13-i tal\u00e1lkoz\u00f3ra is minden \u00e9rdekl\u0151d\u0151t sz\u00edvesen v\u00e1rnak a szervez\u0151k.<\/span><\/p>\n<p><span style=\"font-size: small;\">K\u00e9pek a tal\u00e1lkoz\u00f3r\u00f3l (vagy kattints a k\u00e9pre):<\/span><\/p>\n<div><a href=\"https:\/\/picasaweb.google.com\/115753013865007437721\/JusthZsigmondOlvasokorTalalkozo2013Januar9\">https:\/\/picasaweb.google.com\/115753013865007437721\/JusthZsigmondOlvasokorTalalkozo2013Januar9<\/a><br \/>\n<a href=\"https:\/\/picasaweb.google.com\/115753013865007437721\/JusthZsigmondOlvasokorTalalkozo2013Januar9\"><img loading=\"lazy\" decoding=\"async\" class=\"     alignleft\" src=\"https:\/\/lh3.googleusercontent.com\/-gseBoDY5CSg\/UO2fU5zevPI\/AAAAAAAAN3I\/HnU63RBgbyA\/s800\/P1020018.JPG\" alt=\"\" width=\"180\" height=\"135\" \/><\/a><\/p>\n<p style=\"text-align: center;\">\n<\/div>\n<div class=\"fcbkbttn_buttons_block\" id=\"fcbkbttn_left\"><div class=\"fcbkbttn_like \"><fb:like href=\"https:\/\/blog.justhvk.hu\/blog\/forro-tea-mellett-a-telrol-a-pusztarol-es-szivet-melengeto-jo-hirekrol\/\" action=\"like\" colorscheme=\"light\" layout=\"button_count\"  size=\"small\"><\/fb:like><\/div><div class=\"fb-share-button  \" data-href=\"https:\/\/blog.justhvk.hu\/blog\/forro-tea-mellett-a-telrol-a-pusztarol-es-szivet-melengeto-jo-hirekrol\/\" data-type=\"button_count\" data-size=\"small\"><\/div><\/div>","protected":false},"excerpt":{"rendered":"<p>Negyedik \u00f6sszej\u00f6vetel\u00e9t tartotta nyugd\u00edjas pedag\u00f3gusok Justh Zsigmond olvas\u00f3k\u00f6re A janu\u00e1r irodalmunk tal\u00e1n legvar\u00e1zslatosabb h\u00f3napja. Gondoljuk csak v\u00e9gig: a mai napig is a legismertebb, legn\u00e9pszer\u0171bb k\u00f6lt\u0151nk, Pet\u0151fi S\u00e1ndor janu\u00e1r elsej\u00e9n, nemzeti dr\u00e1mairodalmunk \u2013 emberis\u00e9gk\u00f6ltem\u00e9ny\u00fcnk, Az ember trag\u00e9di\u00e1ja \u00edr\u00f3ja, Mad\u00e1ch Imre pedig janu\u00e1r 21-\u00e9n sz\u00fcletett. \u00c9s janu\u00e1r 22-\u00e9n \u00fcnnepelj\u00fck a magyar kult\u00fara napj\u00e1t &#8211; arra eml\u00e9kezve, hogy [&hellip;]<\/p>\n","protected":false},"author":10,"featured_media":0,"comment_status":"open","ping_status":"open","sticky":false,"template":"","format":"standard","meta":{"episode_type":"","audio_file":"","cover_image":"","cover_image_id":"","duration":"","filesize":"","date_recorded":"","explicit":"","block":"","filesize_raw":"","ngg_post_thumbnail":0,"footnotes":""},"categories":[255,431,441,452],"tags":[],"class_list":["post-7579","post","type-post","status-publish","format-standard","hentry","category-justh-zsigmond-varosi-konyvtar","category-nyugdijas-pedagogusok-justh-zsigmond-olvasokore","category-olvasokorok","category-oroshaza"],"_links":{"self":[{"href":"https:\/\/blog.justhvk.hu\/blog\/wp-json\/wp\/v2\/posts\/7579","targetHints":{"allow":["GET"]}}],"collection":[{"href":"https:\/\/blog.justhvk.hu\/blog\/wp-json\/wp\/v2\/posts"}],"about":[{"href":"https:\/\/blog.justhvk.hu\/blog\/wp-json\/wp\/v2\/types\/post"}],"author":[{"embeddable":true,"href":"https:\/\/blog.justhvk.hu\/blog\/wp-json\/wp\/v2\/users\/10"}],"replies":[{"embeddable":true,"href":"https:\/\/blog.justhvk.hu\/blog\/wp-json\/wp\/v2\/comments?post=7579"}],"version-history":[{"count":0,"href":"https:\/\/blog.justhvk.hu\/blog\/wp-json\/wp\/v2\/posts\/7579\/revisions"}],"wp:attachment":[{"href":"https:\/\/blog.justhvk.hu\/blog\/wp-json\/wp\/v2\/media?parent=7579"}],"wp:term":[{"taxonomy":"category","embeddable":true,"href":"https:\/\/blog.justhvk.hu\/blog\/wp-json\/wp\/v2\/categories?post=7579"},{"taxonomy":"post_tag","embeddable":true,"href":"https:\/\/blog.justhvk.hu\/blog\/wp-json\/wp\/v2\/tags?post=7579"}],"curies":[{"name":"wp","href":"https:\/\/api.w.org\/{rel}","templated":true}]}}