{"id":761,"date":"2008-09-11T16:49:23","date_gmt":"2008-09-11T15:49:23","guid":{"rendered":"http:\/\/blog.justhvk.hu\/?p=761"},"modified":"2008-09-11T16:49:23","modified_gmt":"2008-09-11T15:49:23","slug":"konyvtar-es-politika","status":"publish","type":"post","link":"https:\/\/blog.justhvk.hu\/blog\/konyvtar-es-politika\/","title":{"rendered":"K\u00f6nyvt\u00e1r \u00e9s politika"},"content":{"rendered":"<p>Persze nem idehaza, olyan b\u00e1tor \u00e9n nem vagyok.<\/p>\n<p>Amerika az eln\u00f6kv\u00e1laszt\u00e1s l\u00e1z\u00e1ban \u00e9g, de az\u00e9rt m\u00e9g \u00edgy is meglep\u0151, hogy lassan nincs olyan tengerent\u00fali k\u00f6nyvt\u00e1ri blog, amely ne politiz\u00e1lna egy kicsit. Fura, mi? Most k\u00e9pzeld el, ha mi kezden\u00e9nk el flet\u00f3zni meg viktorozni. Azt m\u00e1r r\u00e9g\u00f3ta tudjuk, hogy a zen\u00e9szek \u00e9s a sz\u00edn\u00e9szek els\u00f6pr\u0151 t\u00f6bbs\u00e9ge a demokrat\u00e1k mell\u00e9 \u00e1llt (ahogy azt valamelyik tud\u00f3s\u00edt\u00f3 megjegyezte: ha <em>McCain<\/em> nyer, akkor Hollywoodban nem marad m\u00e1s <em>Chuck Norrison<\/em> k\u00edv\u00fcl, azt meg m\u00e1r \u00e9n teszem hozz\u00e1, hogy esetleg m\u00e9g a Termin\u00e1tor, ha reaktiv\u00e1lja mag\u00e1t), de mi\u00f3ta <em>Sarah Palin<\/em> lett az aleln\u00f6kjel\u00f6ltje a republik\u00e1nusoknak, a k\u00f6nyvt\u00e1rosok is Obam\u00e1t t\u00e1mogatj\u00e1k. Asszem mondhatom: test\u00fcletileg.<\/p>\n<p>Palin b\u0171ne (\u00e1ll\u00edt\u00f3lag t\u00f6bb is van, \u00e9n most a k\u00f6nyvt\u00e1rosra gondolok) a m\u00faltj\u00e1ban keresend\u0151, \u00e9s egy <a href=\"http:\/\/www.time.com\/time\/politics\/article\/0,8599,1837918,00.html\">New York Times cikk<\/a> hozta felsz\u00ednre.\u00a0 R\u00f6viden: a k\u00e9s\u0151bbi alaszkai korm\u00e1nyz\u00f3 1996-ban, m\u00e9g egy kisv\u00e1ros, bizonyos Wasilla polg\u00e1rmesterek\u00e9nt felsz\u00f3l\u00edtotta a k\u00f6nyvt\u00e1r igazgat\u00f3j\u00e1t, <em>Mary Ellen Emmonst<\/em> hogy &#8211; politikai okokb\u00f3l &#8211; vonjon ki az \u00e1llom\u00e1nyb\u00f3l n\u00e9h\u00e1ny k\u00f6nyvet. Az igazgat\u00f3 megtagadta a k\u00e9r\u00e9st, ezt elj\u00e1tszott\u00e1k m\u00e9g h\u00e1romszor, majd n\u00e9h\u00e1ny h\u00f3nap eltelt\u00e9vel az igazgat\u00f3 levelet kapott, melyben a polg\u00e1rmester kir\u00fag\u00e1ssal fenyegette meg a b\u00e1tor h\u00f6lgyet. Igaz, nem a cenz\u00fara megtagad\u00e1s\u00e1ra hivatkozva, hanem mert a polg\u00e1rmester \u00e9rz\u00e9se szerint a k\u00f6nyvt\u00e1rigazgat\u00f3 nem t\u00e1mogatta \u0151t kell\u0151k\u00e9ppen. K\u00e9s\u0151bb Palin megenyh\u00fclt, \u00e9s Mary Ellen Emmons tov\u00e1bb dolgozhatott szeretett k\u00f6nyvt\u00e1r\u00e1ban. \u00c9s idesz\u00farn\u00e1m m\u00e9g azt is, hogy <strong><em>\u00e1ll\u00edt\u00f3lag<\/em><\/strong>, amit az el\u0151z\u0151 mondatok mindegyik\u00e9be beilleszthet\u00fcnk a megfelel\u0151 helyen.<\/p>\n<p>Sz\u00f3val a k\u00f6nyvt\u00e1rosoknak oda\u00e1t ennyi kellett, hogy bep\u00f6ccenjenek. Azt nem \u00e1ll\u00edtom, hogy McCain majd pont a k\u00f6nyvt\u00e1rosok miatt vesz\u00edt, ha vesz\u00edt, azt se, hogy a fentiek \u00fagy t\u00f6rt\u00e9ntek, ahogy le\u00edrtam, de ak\u00e1r \u00edgy, ak\u00e1r \u00fagy: tetszik ez az \u00f6sszetart\u00e1s.<\/p>\n<div class=\"fcbkbttn_buttons_block\" id=\"fcbkbttn_left\"><div class=\"fcbkbttn_like \"><fb:like href=\"https:\/\/blog.justhvk.hu\/blog\/konyvtar-es-politika\/\" action=\"like\" colorscheme=\"light\" layout=\"button_count\"  size=\"small\"><\/fb:like><\/div><div class=\"fb-share-button  \" data-href=\"https:\/\/blog.justhvk.hu\/blog\/konyvtar-es-politika\/\" data-type=\"button_count\" data-size=\"small\"><\/div><\/div>","protected":false},"excerpt":{"rendered":"<p>Persze nem idehaza, olyan b\u00e1tor \u00e9n nem vagyok. Amerika az eln\u00f6kv\u00e1laszt\u00e1s l\u00e1z\u00e1ban \u00e9g, de az\u00e9rt m\u00e9g \u00edgy is meglep\u0151, hogy lassan nincs olyan tengerent\u00fali k\u00f6nyvt\u00e1ri blog, amely ne politiz\u00e1lna egy kicsit. Fura, mi? Most k\u00e9pzeld el, ha mi kezden\u00e9nk el flet\u00f3zni meg viktorozni. Azt m\u00e1r r\u00e9g\u00f3ta tudjuk, hogy a zen\u00e9szek \u00e9s a sz\u00edn\u00e9szek els\u00f6pr\u0151 t\u00f6bbs\u00e9ge [&hellip;]<\/p>\n","protected":false},"author":5,"featured_media":0,"comment_status":"open","ping_status":"open","sticky":false,"template":"","format":"standard","meta":{"episode_type":"","audio_file":"","cover_image":"","cover_image_id":"","duration":"","filesize":"","date_recorded":"","explicit":"","block":"","filesize_raw":"","ngg_post_thumbnail":0,"footnotes":""},"categories":[297,500,619],"tags":[],"class_list":["post-761","post","type-post","status-publish","format-standard","hentry","category-konyvtaros","category-politika","category-usa"],"_links":{"self":[{"href":"https:\/\/blog.justhvk.hu\/blog\/wp-json\/wp\/v2\/posts\/761","targetHints":{"allow":["GET"]}}],"collection":[{"href":"https:\/\/blog.justhvk.hu\/blog\/wp-json\/wp\/v2\/posts"}],"about":[{"href":"https:\/\/blog.justhvk.hu\/blog\/wp-json\/wp\/v2\/types\/post"}],"author":[{"embeddable":true,"href":"https:\/\/blog.justhvk.hu\/blog\/wp-json\/wp\/v2\/users\/5"}],"replies":[{"embeddable":true,"href":"https:\/\/blog.justhvk.hu\/blog\/wp-json\/wp\/v2\/comments?post=761"}],"version-history":[{"count":0,"href":"https:\/\/blog.justhvk.hu\/blog\/wp-json\/wp\/v2\/posts\/761\/revisions"}],"wp:attachment":[{"href":"https:\/\/blog.justhvk.hu\/blog\/wp-json\/wp\/v2\/media?parent=761"}],"wp:term":[{"taxonomy":"category","embeddable":true,"href":"https:\/\/blog.justhvk.hu\/blog\/wp-json\/wp\/v2\/categories?post=761"},{"taxonomy":"post_tag","embeddable":true,"href":"https:\/\/blog.justhvk.hu\/blog\/wp-json\/wp\/v2\/tags?post=761"}],"curies":[{"name":"wp","href":"https:\/\/api.w.org\/{rel}","templated":true}]}}