{"id":7625,"date":"2013-01-17T11:58:43","date_gmt":"2013-01-17T10:58:43","guid":{"rendered":"http:\/\/blog.justhvk.hu\/?p=7625"},"modified":"2013-01-17T11:58:43","modified_gmt":"2013-01-17T10:58:43","slug":"ime-az-ember","status":"publish","type":"post","link":"https:\/\/blog.justhvk.hu\/blog\/ime-az-ember\/","title":{"rendered":"&quot;\u00cdme az Ember!&quot;"},"content":{"rendered":"<p>Az Olvas\u00f3k\u00f6r\u00f6k Orsz\u00e1gos Sz\u00f6vets\u00e9ge, a Cinkusiak Bar\u00e1ti K\u00f6re, a Pet\u0151fi M\u0171vel\u0151d\u00e9si K\u00f6zpont \u00e9s a Justh Zsigmond V\u00e1rosi K\u00f6nyvt\u00e1r a magyar kult\u00fara napj\u00e1hoz kapcsol\u00f3d\u00f3an<\/p>\n<p><strong>\u201e\u00cdme, az Ember!\u201d <\/strong><\/p>\n<p>c\u00edmmel rendhagy\u00f3 irodalmi estet rendez<\/p>\n<p><strong>Szenti Tibor<\/strong><\/p>\n<p>\u00edr\u00f3val, n\u00e9prajzkutat\u00f3val<\/p>\n<p><strong>2013. janu\u00e1r 25-\u00e9n, p\u00e9nteken 17.00 \u00f3rakor <\/strong><\/p>\n<p><strong>a m\u0171vel\u0151d\u00e9si k\u00f6zpont koncertterm\u00e9ben<\/strong> (Orosh\u00e1za,, Kossuth u.. 1.)<!--more--><\/p>\n<p>Besz\u00e9lget\u0151t\u00e1rs:<\/p>\n<p><strong>De\u00e1k Gy\u00f6rgy<\/strong><\/p>\n<p>az Olvas\u00f3k\u00f6r\u00f6k Orsz\u00e1gos Sz\u00f6vets\u00e9g\u00e9nek t\u00e1rseln\u00f6ke<\/p>\n<p>K\u00f6zrem\u0171k\u00f6d\u0151k:<\/p>\n<p><strong>J\u00f3zsa Mih\u00e1ly<\/strong> el\u0151ad\u00f3m\u0171v\u00e9sz<\/p>\n<p><strong>Birki Erika<\/strong><\/p>\n<p><strong>Bokr\u00e9ta N\u00e9pdalk\u00f6r<\/strong><\/p>\n<p>A rendezv\u00e9nyt megnyitja:<\/p>\n<p><strong>Alm\u00e1si Istv\u00e1n <\/strong><\/p>\n<p>H\u00f3dmez\u0151v\u00e1s\u00e1rhely Megyei Jog\u00fa V\u00e1ros polg\u00e1rmestere<\/p>\n<p><strong>Dr. Dancs\u00f3 J\u00f3zsef <\/strong><\/p>\n<p>orsz\u00e1ggy\u0171l\u00e9si k\u00e9pvisel\u0151, Orosh\u00e1za V\u00e1ros polg\u00e1rmestere<\/p>\n<p><img loading=\"lazy\" decoding=\"async\" class=\"alignleft\" title=\"http:\/\/oroscafe.hu\/wp-content\/uploads\/2013\/01\/130116_szenti_tibor-211x300.jpg\" src=\"http:\/\/oroscafe.hu\/wp-content\/uploads\/2013\/01\/130116_szenti_tibor-211x300.jpg\" alt=\"http:\/\/oroscafe.hu\/wp-content\/uploads\/2013\/01\/130116_szenti_tibor-211x300.jpg\" width=\"211\" height=\"300\" \/>Szenti Tibor 1939-ben sz\u00fcletett H\u00f3dmez\u0151v\u00e1s\u00e1rhelyen. Eg\u00e9szs\u00e9g\u00fcgyi f\u0151iskol\u00e1t v\u00e9gzett, dolgozott j\u00e1rv\u00e1ny\u00fcgyi ellen\u0151rk\u00e9nt, \u00fczemm\u00e9rn\u00f6k-szakoktat\u00f3k\u00e9nt, majd \u00e9vtizedekig a h\u00f3dmez\u0151v\u00e1s\u00e1rhelyi Erzs\u00e9bet K\u00f3rh\u00e1zban eg\u00e9szs\u00e9gnevel\u0151k\u00e9nt tev\u00e9kenykedett. 2003 \u00f3ta H\u00f3dmez\u0151v\u00e1s\u00e1rhely Megyei Jog\u00fa V\u00e1ros \u00d6nkorm\u00e1nyzat\u00e1n\u00e1l kultur\u00e1lis szaktan\u00e1csad\u00f3. Tagja a Magyar N\u00e9prajzi T\u00e1rsas\u00e1gnak, a Magyar Orvost\u00f6rt\u00e9neti T\u00e1rsas\u00e1gnak, alap\u00edt\u00f3 tagja a Szeremlei T\u00e1rsas\u00e1gnak. 2004-2007 k\u00f6z\u00f6tt az Olvas\u00f3k\u00f6r\u00f6k Orsz\u00e1gos Sz\u00f6vets\u00e9ge t\u00e1rseln\u00f6ke. H\u00f3dmez\u0151v\u00e1s\u00e1rhelynek \u00e9s Sz\u00e9kkutasnak is d\u00edszpolg\u00e1ra. 2010-ben a magyar n\u00e9pi hagyom\u00e1nyok \u00e1pol\u00e1sa, a paraszti \u00e9let \u00e9s a n\u00e9pszok\u00e1sok bemutat\u00e1sa ter\u00e9n v\u00e9gzett rendk\u00edv\u00fcl sokoldal\u00fa irodalmi kutat\u00f3i, szerkeszt\u0151i munk\u00e1ss\u00e1ga elismer\u00e9sek\u00e9nt a Magyar K\u00f6zt\u00e1rsas\u00e1gi \u00c9rdemrend Lovagkeresztje kit\u00fcntet\u00e9st adom\u00e1nyozt\u00e1k sz\u00e1m\u00e1ra. Els\u0151 \u00edr\u00e1sa nyomtat\u00e1sban 1966-ban jelent meg el\u0151sz\u00f6r. Nagy Gyula, orosh\u00e1zi m\u00fazeumigazgat\u00f3 adatk\u00f6zl\u0151je, majd kutat\u00f3t\u00e1rsak\u00e9nt avatott ismer\u0151je az Orosh\u00e1z\u00e1t \u00e9s V\u00e1s\u00e1rhelyet k\u00f6r\u00fcl\u00f6lel\u0151 Puszt\u00e1nak, a paraszti l\u00e9t m\u00e9lyl\u00e9lektan\u00e1nak. Tizenk\u00e9tezer k\u00f6tetes k\u00f6nyvt\u00e1ra felbecs\u00fclhetetlen kultur\u00e1lis \u00e9rt\u00e9ket k\u00e9pvisel. Szenti Tibor m\u00e1ra az egyetemes magyar kult\u00fara ikonj\u00e1v\u00e1 v\u00e1lt. A megjelent munk\u00e1inak sz\u00e1ma sz\u00e1z\u00f6tven f\u00f6l\u00f6tt van. Megjelent k\u00f6teteib\u0151l n\u00e9h\u00e1ny: A tanya (Gondolat Kiad\u00f3, 1979.), Parasztvallom\u00e1sok (Gondolat Kiad\u00f3, 1985.), V\u00e9r \u00e9s Pezsg\u0151 (Magvet\u0151 K\u00f6nyvkiad\u00f3, T\u00e9nyek \u00e9s Tan\u00fak sorozat, 1988.), Joc\u00f3, sz\u00f3lnak a harangok (H\u00f3dmez\u0151v\u00e1s\u00e1rhely, Lazi Bt. 1998.), Bib\u00f3 Lajos vallom\u00e1sai (H\u00f3dmez\u0151v\u00e1s\u00e1rhely, Lazi Bt. 1999.), Szamp\u00f3 \u00e9s Mirmid\u00f3 (Belv\u00e1rosi K\u00f6nyvkiad\u00f3. Budapest, 1999.), Bety\u00e1rt\u00f6rt\u00e9netek (M\u00e1yer Nyomda &amp; Kiad\u00f3 Budapest, 2000.), Kal\u00e1szkisasszony (Belv\u00e1rosi K\u00f6nyvkiad\u00f3. Budapest, 2001.), V\u00e1s\u00e1rhelyi eml\u00e9keim (H\u00f3dmez\u0151v\u00e1s\u00e1rhely Megyei Jog\u00fa V\u00e1ros \u00d6nkorm\u00e1nyzata, 2007.), Gazd\u00e1k eml\u00e9kez\u00e9se H\u00f3dmez\u0151v\u00e1s\u00e1rhelyr\u0151l (Sz\u00e1zadv\u00e9g Kiad\u00f3, 2008). Sz\u00e1mos k\u00f6nyv t\u00e1rsszerz\u0151je, lektor\u00e1lt \u00e9s szerkesztett k\u00f6tetek f\u0171z\u0151dnek a nev\u00e9hez. A Magyar Telev\u00edzi\u00f3val irodalmi forgat\u00f3k\u00f6nyvei alapj\u00e1n t\u00f6bb mint 30 dokumentumfilmet, a Duna Telev\u00edzi\u00f3val pedig t\u00f6bb mint 20 riportfilmet k\u00e9sz\u00edtett. Jelenleg is t\u00f6bb, be nem fejezett k\u00f6nyv\u00e9n dolgozik.<\/p>\n<p><em>\u201eA zen\u00e9t csontomban hallottam, a sz\u00edneket agyamban l\u00e1ttam, a t\u00e1ncomat elt\u00e1ncoltam. Volt borom, megittam; a szeret\u0151m megszerettem, a foly\u00f3n t\u00falra \u00f6l\u00e9t fogam k\u00f6z\u00e9 harapva m\u00e1r nem kell vinnem. Javakat nem har\u00e1csoltam, de term\u00e9keny ut\u00f3dokat hagytam, akik nemzed\u00e9kek m\u00falt\u00e1n milli\u00f3kban f\u00f6loldanak. Ha g\u00fany\u00e1mra f\u00f6ldet h\u00faztok, a foly\u00f3ba mez\u00edtelen\u00fcl l\u00e1balok: a sorsom egyed\u00fcl v\u00e1llalom. Amit magammal viszek, ne a levetett ruh\u00e1im k\u00f6z\u00f6tt keress\u00e9tek! Az iszapos t\u00falpartra mag\u00e1nyosan \u00e9rek. Magam ut\u00e1n l\u00e1bam nyom\u00e1t hagyom, hogy aki ut\u00e1nam j\u00f6n, sz\u00e1raz \u00fatra l\u00e9pjen.\u201d<\/em><\/p>\n<p><em>Szenti Tibor: Ars Poetica<\/em><\/p>\n<p>Az OrosCaf\u00e9 interj\u00faj\u00e1t Szenti Tiborral <a href=\"http:\/\/oroscafe.hu\/2013\/01\/16\/ime-az-ember-szenti-tibor-vasarhelyikent-kutatja-oroshazat\/cikk\/kotroczom\">itt olvashatod<\/a>.<\/p>\n<div class=\"fcbkbttn_buttons_block\" id=\"fcbkbttn_left\"><div class=\"fcbkbttn_like \"><fb:like href=\"https:\/\/blog.justhvk.hu\/blog\/ime-az-ember\/\" action=\"like\" colorscheme=\"light\" layout=\"button_count\"  size=\"small\"><\/fb:like><\/div><div class=\"fb-share-button  \" data-href=\"https:\/\/blog.justhvk.hu\/blog\/ime-az-ember\/\" data-type=\"button_count\" data-size=\"small\"><\/div><\/div>","protected":false},"excerpt":{"rendered":"<p>Az Olvas\u00f3k\u00f6r\u00f6k Orsz\u00e1gos Sz\u00f6vets\u00e9ge, a Cinkusiak Bar\u00e1ti K\u00f6re, a Pet\u0151fi M\u0171vel\u0151d\u00e9si K\u00f6zpont \u00e9s a Justh Zsigmond V\u00e1rosi K\u00f6nyvt\u00e1r a magyar kult\u00fara napj\u00e1hoz kapcsol\u00f3d\u00f3an \u201e\u00cdme, az Ember!\u201d c\u00edmmel rendhagy\u00f3 irodalmi estet rendez Szenti Tibor \u00edr\u00f3val, n\u00e9prajzkutat\u00f3val 2013. janu\u00e1r 25-\u00e9n, p\u00e9nteken 17.00 \u00f3rakor a m\u0171vel\u0151d\u00e9si k\u00f6zpont koncertterm\u00e9ben (Orosh\u00e1za,, Kossuth u.. 1.)<\/p>\n","protected":false},"author":5,"featured_media":0,"comment_status":"open","ping_status":"open","sticky":false,"template":"","format":"standard","meta":{"episode_type":"","audio_file":"","cover_image":"","cover_image_id":"","duration":"","filesize":"","date_recorded":"","explicit":"","block":"","filesize_raw":"","ngg_post_thumbnail":0,"footnotes":""},"categories":[255,452,503,568],"tags":[],"class_list":["post-7625","post","type-post","status-publish","format-standard","hentry","category-justh-zsigmond-varosi-konyvtar","category-oroshaza","category-programajanlo","category-szenti-tibor"],"_links":{"self":[{"href":"https:\/\/blog.justhvk.hu\/blog\/wp-json\/wp\/v2\/posts\/7625","targetHints":{"allow":["GET"]}}],"collection":[{"href":"https:\/\/blog.justhvk.hu\/blog\/wp-json\/wp\/v2\/posts"}],"about":[{"href":"https:\/\/blog.justhvk.hu\/blog\/wp-json\/wp\/v2\/types\/post"}],"author":[{"embeddable":true,"href":"https:\/\/blog.justhvk.hu\/blog\/wp-json\/wp\/v2\/users\/5"}],"replies":[{"embeddable":true,"href":"https:\/\/blog.justhvk.hu\/blog\/wp-json\/wp\/v2\/comments?post=7625"}],"version-history":[{"count":0,"href":"https:\/\/blog.justhvk.hu\/blog\/wp-json\/wp\/v2\/posts\/7625\/revisions"}],"wp:attachment":[{"href":"https:\/\/blog.justhvk.hu\/blog\/wp-json\/wp\/v2\/media?parent=7625"}],"wp:term":[{"taxonomy":"category","embeddable":true,"href":"https:\/\/blog.justhvk.hu\/blog\/wp-json\/wp\/v2\/categories?post=7625"},{"taxonomy":"post_tag","embeddable":true,"href":"https:\/\/blog.justhvk.hu\/blog\/wp-json\/wp\/v2\/tags?post=7625"}],"curies":[{"name":"wp","href":"https:\/\/api.w.org\/{rel}","templated":true}]}}