{"id":7653,"date":"2013-02-04T15:41:47","date_gmt":"2013-02-04T14:41:47","guid":{"rendered":"http:\/\/blog.justhvk.hu\/?p=7653"},"modified":"2013-02-04T15:41:47","modified_gmt":"2013-02-04T14:41:47","slug":"karneval-a-konyvtarban","status":"publish","type":"post","link":"https:\/\/blog.justhvk.hu\/blog\/karneval-a-konyvtarban\/","title":{"rendered":"Karnev\u00e1l a k\u00f6nyvt\u00e1rban!"},"content":{"rendered":"<p>\u00d6lt\u00f6zz be kedvenc \u00edr\u00f3dnak, reg\u00e9nyh\u0151s\u00f6dnek, \u00f6lt\u00f6zz k\u00f6nyvh\u00f6z! Mert a t\u00f6rt\u00e9netek, mes\u00e9k, jellemek \u00e9s fant\u00e1zia t\u00e1rh\u00e1za v\u00e9gtelen&#8230;<\/p>\n<p>Gyerekek, feln\u0151ttek, bar\u00e1ti t\u00e1rsas\u00e1gok, ha j\u00e1tszani szeretn\u00e9tek, febru\u00e1r 9-\u00e9n este n\u00e1lunk a helyetek!\u00a0Ami m\u00e9g v\u00e1r t\u00e9ged: farsangi \u00e1larck\u00e9sz\u00edt\u00e9s 17 \u00f3r\u00e1t\u00f3l, \u00e9s 20 \u00f3r\u00e1t\u00f3l a Jammy egy\u00fcttes minikoncertje &#8211; k\u00f6zben pedig zs\u00e1kbamacska-k\u00f6nyvment\u00e9s.\u00a0Ha t\u00f6bbet szeretn\u00e9l megtudni, k\u00e9rdezz b\u00e1tran!<\/p>\n<p>Facebook event: <a href=\"http:\/\/www.facebook.com\/events\/527962893915618\/\">http:\/\/www.facebook.com\/events\/527962893915618\/<\/a><\/p>\n<p style=\"text-align: center;\"><a href=\"http:\/\/192.168.10.245\/wp-content\/uploads\/2013\/02\/karneval.plakat-e1359988832765.jpg\"><img loading=\"lazy\" decoding=\"async\" class=\"size-medium wp-image-7655 aligncenter\" title=\"karneval.plakat\" src=\"http:\/\/blog.justhvk.hu\/wp-content\/uploads\/2013\/02\/karneval.plakat-212x300.jpg\" alt=\"\" width=\"212\" height=\"300\" \/><\/a><\/p>\n<div class=\"fcbkbttn_buttons_block\" id=\"fcbkbttn_left\"><div class=\"fcbkbttn_like \"><fb:like href=\"https:\/\/blog.justhvk.hu\/blog\/karneval-a-konyvtarban\/\" action=\"like\" colorscheme=\"light\" layout=\"button_count\"  size=\"small\"><\/fb:like><\/div><div class=\"fb-share-button  \" data-href=\"https:\/\/blog.justhvk.hu\/blog\/karneval-a-konyvtarban\/\" data-type=\"button_count\" data-size=\"small\"><\/div><\/div>","protected":false},"excerpt":{"rendered":"<p>\u00d6lt\u00f6zz be kedvenc \u00edr\u00f3dnak, reg\u00e9nyh\u0151s\u00f6dnek, \u00f6lt\u00f6zz k\u00f6nyvh\u00f6z! Mert a t\u00f6rt\u00e9netek, mes\u00e9k, jellemek \u00e9s fant\u00e1zia t\u00e1rh\u00e1za v\u00e9gtelen&#8230; Gyerekek, feln\u0151ttek, bar\u00e1ti t\u00e1rsas\u00e1gok, ha j\u00e1tszani szeretn\u00e9tek, febru\u00e1r 9-\u00e9n este n\u00e1lunk a helyetek!\u00a0Ami m\u00e9g v\u00e1r t\u00e9ged: farsangi \u00e1larck\u00e9sz\u00edt\u00e9s 17 \u00f3r\u00e1t\u00f3l, \u00e9s 20 \u00f3r\u00e1t\u00f3l a Jammy egy\u00fcttes minikoncertje &#8211; k\u00f6zben pedig zs\u00e1kbamacska-k\u00f6nyvment\u00e9s.\u00a0Ha t\u00f6bbet szeretn\u00e9l megtudni, k\u00e9rdezz b\u00e1tran! Facebook event: http:\/\/www.facebook.com\/events\/527962893915618\/<\/p>\n","protected":false},"author":5,"featured_media":0,"comment_status":"open","ping_status":"open","sticky":false,"template":"","format":"standard","meta":{"episode_type":"","audio_file":"","cover_image":"","cover_image_id":"","duration":"","filesize":"","date_recorded":"","explicit":"","block":"","filesize_raw":"","ngg_post_thumbnail":0,"footnotes":""},"categories":[255,452,503],"tags":[],"class_list":["post-7653","post","type-post","status-publish","format-standard","hentry","category-justh-zsigmond-varosi-konyvtar","category-oroshaza","category-programajanlo"],"_links":{"self":[{"href":"https:\/\/blog.justhvk.hu\/blog\/wp-json\/wp\/v2\/posts\/7653","targetHints":{"allow":["GET"]}}],"collection":[{"href":"https:\/\/blog.justhvk.hu\/blog\/wp-json\/wp\/v2\/posts"}],"about":[{"href":"https:\/\/blog.justhvk.hu\/blog\/wp-json\/wp\/v2\/types\/post"}],"author":[{"embeddable":true,"href":"https:\/\/blog.justhvk.hu\/blog\/wp-json\/wp\/v2\/users\/5"}],"replies":[{"embeddable":true,"href":"https:\/\/blog.justhvk.hu\/blog\/wp-json\/wp\/v2\/comments?post=7653"}],"version-history":[{"count":0,"href":"https:\/\/blog.justhvk.hu\/blog\/wp-json\/wp\/v2\/posts\/7653\/revisions"}],"wp:attachment":[{"href":"https:\/\/blog.justhvk.hu\/blog\/wp-json\/wp\/v2\/media?parent=7653"}],"wp:term":[{"taxonomy":"category","embeddable":true,"href":"https:\/\/blog.justhvk.hu\/blog\/wp-json\/wp\/v2\/categories?post=7653"},{"taxonomy":"post_tag","embeddable":true,"href":"https:\/\/blog.justhvk.hu\/blog\/wp-json\/wp\/v2\/tags?post=7653"}],"curies":[{"name":"wp","href":"https:\/\/api.w.org\/{rel}","templated":true}]}}