{"id":7665,"date":"2013-02-07T10:20:25","date_gmt":"2013-02-07T09:20:25","guid":{"rendered":"http:\/\/blog.justhvk.hu\/?p=7665"},"modified":"2013-02-07T10:20:25","modified_gmt":"2013-02-07T09:20:25","slug":"ejszaka-a-konyvtarban","status":"publish","type":"post","link":"https:\/\/blog.justhvk.hu\/blog\/ejszaka-a-konyvtarban\/","title":{"rendered":"\u00c9jszaka a k\u00f6nyvt\u00e1rban"},"content":{"rendered":"<p>Mivel <a href=\"https:\/\/www.google.com\/calendar\/embed?src=justhvk@gmail.com&amp;ctz=Europe\/Budapest\">meglehet\u0151sen sok program<\/a> s\u0171r\u0171s\u00f6d\u00f6tt \u00f6ssze az am\u00fagy is \u00e9pp megfelel\u0151en r\u00f6vid febru\u00e1rba, apr\u00f3kat l\u00e9pdelve aj\u00e1nljuk figyelmetekbe rendezv\u00e9nyeinket.<\/p>\n<p>Mindj\u00e1rt holnap (febru\u00e1r 8., p\u00e9ntek, 14 \u00f3ra) lesz p\u00e9ld\u00e1ul a <em>Sz\u00e9p magyar besz\u00e9d verseny v\u00e1rosi, k\u00f6rzeti fordul\u00f3ja<\/em> az \u00e1ltal\u00e1nos iskola 5-8. \u00e9vfolyamos tanul\u00f3inak r\u00e9sz\u00e9re. Az eredm\u00e9nyekr\u0151l igyeksz\u00fcnk majd mihamarabb besz\u00e1molni itt a blogon is.<\/p>\n<p>Holnaput\u00e1n (febru\u00e1r 9., szombat) 17 \u00f3r\u00e1t\u00f3l pedig <a href=\"http:\/\/blog.justhvk.hu\/?p=7653\">k\u00f6nyvt\u00e1ri karnev\u00e1llal<\/a>, \u00e9s benne j\u00f3 n\u00e9h\u00e1ny \u00faj \u00f6tlettel v\u00e1runk mindenkit. A gyermekk\u00f6nyvt\u00e1rban <strong>\u00e1larck\u00e9sz\u00edt\u00e9s<\/strong>re lesz lehet\u0151s\u00e9ge kicsiknek \u00e9s nagyoknak, amit r\u00f6gt\u00f6n hasznos\u00edtani is lehet majd, hiszen 18 \u00f3r\u00e1t\u00f3l az olvas\u00f3terembe v\u00e1rjuk a jelmezes olvas\u00f3inkat. <strong>\u00d6lt\u00f6zz k\u00f6nyvh\u00f6z<\/strong>, \u00f6lt\u00f6zz be kedvenc \u00edr\u00f3dnak, reg\u00e9nyh\u0151s\u00f6dnek! A tal\u00e1lkoz\u00f3 egyben alkalmat k\u00edn\u00e1l arra is, hogy vitatkozzunk egyet a kedvenc \u00edr\u00f3kr\u00f3l, r\u00e1ad\u00e1sul a jelmezesek k\u00f6z\u00f6tt kisorsolunk majd egy kis meglepet\u00e9st is, k\u00f6sz\u00f6net \u00e9rte az <a href=\"http:\/\/gyoparosfurdo-oroshaza.hu\/\">Orosh\u00e1za-Gyop\u00e1rosi Gy\u00f3gyf\u00fcrd\u0151nek<\/a>.<\/p>\n<p>Este 8-t\u00f3l a <strong>Jammy <\/strong>egy\u00fcttes csap a h\u00farok k\u00f6z\u00e9, szint\u00e9n az olvas\u00f3teremben. Az \u00f6ttag\u00fa legink\u00e1bb funkyt \u00e9s bluest j\u00e1tsz\u00f3 orosh\u00e1zi banda egy \u00faj form\u00e1ci\u00f3ban, egy billenty\u0171ssel kieg\u00e9sz\u00fclve l\u00e9p a k\u00f6z\u00f6ns\u00e9g el\u00e9, \u00e9s ig\u00e9ny eset\u00e9n t\u00e1ncparkettet is biztos\u00edtunk majd a rajong\u00f3knak.<\/p>\n<p>\u00c9s hogy a k\u00f6nyvek se maradjanak ki a jelmezek k\u00f6z\u00fcl: szombaton \u00fajraindul a <strong>Ments k\u00f6nyvet!<\/strong> akci\u00f3nk is (<a href=\"http:\/\/blog.justhvk.hu\/?p=7244\">eml\u00e9keztek, ugye?<\/a>). Most \u00fajabb 100 olyan k\u00f6nyvet v\u00e1lasztottunk ki, melyeket m\u00e9g soha sem k\u00f6lcs\u00f6n\u00f6ztek ki a k\u00f6nyvt\u00e1rb\u00f3l, legal\u00e1bb t\u00edz \u00e9ve a gy\u0171jtem\u00e9ny\u00fcnk r\u00e9sz\u00e9t k\u00e9pezik, \u00e9s nagyon szeretn\u00e9nk, ha elolvasn\u00e1tok, mert szerint\u00fcnk j\u00f3 k\u00f6nyvek. De most csavartunk m\u00e9g egyet a t\u00f6rt\u00e9neten: a k\u00f6nyveket becsomagoltuk, \u00fagy, hogy senki sem tudja, melyik csomag milyen k\u00f6nyvet takar. V\u00e1lassz <strong>zs\u00e1kbamacska<\/strong>-k\u00f6nyveket, vidd haza, \u00e9s rem\u00e9lj\u00fck, nem fogsz csal\u00f3dni az \u00edzl\u00e9s\u00fcnkben. A zs\u00e1kbamacska k\u00f6nyvek egy\u00e9bk\u00e9nt m\u00e9g a j\u00f6v\u0151 h\u00e9ten is k\u00f6lcs\u00f6n\u00f6zhet\u0151ek lesznek, m\u00e1r ami m\u00e9g a polcon marad bel\u0151l\u00fck.<\/p>\n<p>A bel\u00e9p\u00e9s d\u00edjtalan, szeretettel v\u00e1runk mindenkit. J\u00f6tt\u00f6k, ugye?<\/p>\n<p><a href=\"http:\/\/192.168.10.245\/wp-content\/uploads\/2013\/02\/konyvtari_karneval1.jpg\"><img loading=\"lazy\" decoding=\"async\" class=\"alignleft size-medium wp-image-7666\" title=\"konyvtari_karneval\" src=\"http:\/\/192.168.10.245\/wp-content\/uploads\/2013\/02\/konyvtari_karneval1-212x300.jpg\" alt=\"\" width=\"212\" height=\"300\" \/><\/a><\/p>\n<div class=\"fcbkbttn_buttons_block\" id=\"fcbkbttn_left\"><div class=\"fcbkbttn_like \"><fb:like href=\"https:\/\/blog.justhvk.hu\/blog\/ejszaka-a-konyvtarban\/\" action=\"like\" colorscheme=\"light\" layout=\"button_count\"  size=\"small\"><\/fb:like><\/div><div class=\"fb-share-button  \" data-href=\"https:\/\/blog.justhvk.hu\/blog\/ejszaka-a-konyvtarban\/\" data-type=\"button_count\" data-size=\"small\"><\/div><\/div>","protected":false},"excerpt":{"rendered":"<p>Mivel meglehet\u0151sen sok program s\u0171r\u0171s\u00f6d\u00f6tt \u00f6ssze az am\u00fagy is \u00e9pp megfelel\u0151en r\u00f6vid febru\u00e1rba, apr\u00f3kat l\u00e9pdelve aj\u00e1nljuk figyelmetekbe rendezv\u00e9nyeinket. Mindj\u00e1rt holnap (febru\u00e1r 8., p\u00e9ntek, 14 \u00f3ra) lesz p\u00e9ld\u00e1ul a Sz\u00e9p magyar besz\u00e9d verseny v\u00e1rosi, k\u00f6rzeti fordul\u00f3ja az \u00e1ltal\u00e1nos iskola 5-8. \u00e9vfolyamos tanul\u00f3inak r\u00e9sz\u00e9re. Az eredm\u00e9nyekr\u0151l igyeksz\u00fcnk majd mihamarabb besz\u00e1molni itt a blogon is. Holnaput\u00e1n (febru\u00e1r 9., [&hellip;]<\/p>\n","protected":false},"author":5,"featured_media":0,"comment_status":"open","ping_status":"open","sticky":false,"template":"","format":"standard","meta":{"episode_type":"","audio_file":"","cover_image":"","cover_image_id":"","duration":"","filesize":"","date_recorded":"","explicit":"","block":"","filesize_raw":"","ngg_post_thumbnail":0,"footnotes":""},"categories":[139,239,255,384,452,503],"tags":[],"class_list":["post-7665","post","type-post","status-publish","format-standard","hentry","category-farsang","category-jammy-zenekar","category-justh-zsigmond-varosi-konyvtar","category-ments-konyvet","category-oroshaza","category-programajanlo"],"_links":{"self":[{"href":"https:\/\/blog.justhvk.hu\/blog\/wp-json\/wp\/v2\/posts\/7665","targetHints":{"allow":["GET"]}}],"collection":[{"href":"https:\/\/blog.justhvk.hu\/blog\/wp-json\/wp\/v2\/posts"}],"about":[{"href":"https:\/\/blog.justhvk.hu\/blog\/wp-json\/wp\/v2\/types\/post"}],"author":[{"embeddable":true,"href":"https:\/\/blog.justhvk.hu\/blog\/wp-json\/wp\/v2\/users\/5"}],"replies":[{"embeddable":true,"href":"https:\/\/blog.justhvk.hu\/blog\/wp-json\/wp\/v2\/comments?post=7665"}],"version-history":[{"count":0,"href":"https:\/\/blog.justhvk.hu\/blog\/wp-json\/wp\/v2\/posts\/7665\/revisions"}],"wp:attachment":[{"href":"https:\/\/blog.justhvk.hu\/blog\/wp-json\/wp\/v2\/media?parent=7665"}],"wp:term":[{"taxonomy":"category","embeddable":true,"href":"https:\/\/blog.justhvk.hu\/blog\/wp-json\/wp\/v2\/categories?post=7665"},{"taxonomy":"post_tag","embeddable":true,"href":"https:\/\/blog.justhvk.hu\/blog\/wp-json\/wp\/v2\/tags?post=7665"}],"curies":[{"name":"wp","href":"https:\/\/api.w.org\/{rel}","templated":true}]}}