{"id":7671,"date":"2013-02-08T17:23:18","date_gmt":"2013-02-08T16:23:18","guid":{"rendered":"http:\/\/blog.justhvk.hu\/?p=7671"},"modified":"2013-02-08T17:23:18","modified_gmt":"2013-02-08T16:23:18","slug":"luca-es-bendeguz","status":"publish","type":"post","link":"https:\/\/blog.justhvk.hu\/blog\/luca-es-bendeguz\/","title":{"rendered":"Luca \u00e9s Bendeg\u00faz"},"content":{"rendered":"<p><a title=\"tov\u00e1bbi fot\u00f3k\u00e9rt klikk a k\u00e9pre\" href=\"https:\/\/picasaweb.google.com\/115753013865007437721\/KazinczyFerencrolElnevezettSzepMagyarBeszedVerseny2013Februar8\"><img loading=\"lazy\" decoding=\"async\" class=\"alignleft size-medium wp-image-7675\" title=\"P2010069\" src=\"http:\/\/192.168.10.245\/wp-content\/uploads\/2013\/02\/P2010069-300x225.jpg\" alt=\"\" width=\"300\" height=\"225\" \/><\/a>A k\u00e9t korcsoportban \u00f6sszesen 12 tanul\u00f3 nevezett id\u00e9n a v\u00e1ros \u00e9s a kist\u00e9rs\u00e9g \u00e1ltal\u00e1nos iskol\u00e1ib\u00f3l a\u00a0<em>Kazinczy Ferencr\u0151l elnevezett Sz\u00e9p Magyar Besz\u00e9d verseny <\/em>v\u00e1rosi, k\u00f6rzeti fordul\u00f3j\u00e1ra. A febru\u00e1r 8-\u00e1n megrendezett sz\u00e9pkiejt\u00e9si verseny helysz\u00edne ez\u00fattal is az orosh\u00e1zi Justh Zsigmond V\u00e1rosi K\u00f6nyvt\u00e1r olvas\u00f3terme, illetve a zenei r\u00e9szlege volt. A\u00a0<em>Vet\u00e9sin\u00e9 Petr\u00e1nyi Erzs\u00e9bet, Cs\u00e1nyin\u00e9 K\u00e1d\u00e1r T\u00fcnde, Hagym\u00e1sin\u00e9 Lazanyecz Anik\u00f3<\/em> alkotta zs\u0171ri el\u0151tt a gyerekek el\u0151sz\u00f6r a k\u00f6telez\u0151, majd a szabadon v\u00e1lasztott sz\u00f6vegeket olvast\u00e1k fel. Az 5-6. \u00e9vfolyamosok sz\u00e1m\u00e1ra a k\u00f6telez\u0151 sz\u00f6vegr\u00e9sz id\u00e9n\u00a0<em>Cseri Rezs\u0151: \u0150rs\u00e9g<\/em> c\u00edm\u0171 munk\u00e1ja, m\u00edg a 7-8. oszt\u00e1lyosoknak\u00a0<em>Buda B\u00e9la: Az anyanyelv szerepe az ember \u00e9let\u00e9ben<\/em> c\u00edm\u0171 \u00edr\u00e1sa volt. A zs\u0171ri eln\u00f6ke, Vet\u00e9sin\u00e9 Petr\u00e1nyi Erzs\u00e9bet \u00e9rt\u00e9kel\u0151j\u00e9ben elmondta: j\u00f3 volt hallgatni a felolvas\u00e1sokat, m\u00e9g ha akadtak is azokban hib\u00e1k. K\u00fcl\u00f6n felh\u00edvta a figyelmet a tagol\u00e1s sz\u00fcks\u00e9gess\u00e9g\u00e9re, majd megjegyezte: a k\u00f6telez\u0151 sz\u00f6veg tal\u00e1n t\u00fal hossz\u00fa volt, \u00edgy t\u00f6rt\u00e9nhetett meg, hogy a sz\u00f6veg v\u00e9g\u00e9t t\u00f6bben is elsiett\u00e9k.<\/p>\n<p><!--more-->A zs\u0171ri \u00e9rt\u00e9kel\u00e9se alapj\u00e1n az 5-6. oszt\u00e1lyosokn\u00e1l <em>B\u00e1nfi Bendeg\u00faz Bal\u00e1zs<\/em> bizonyult a legjobbnak (a szabadon v\u00e1lasztott sz\u00f6vege: R\u00e1cz Edit &#8211; A magyar mes\u00e9k), a 7-8. \u00e9vfolyamosokn\u00e1l pedig\u00a0<span style=\"font-style: italic;\">Kiss Luca<\/span> (a szabadon v\u00e1lasztott sz\u00f6vege Nagy Lajos K\u00e9ptelen term\u00e9szetrajz c\u00edm\u0171 m\u0171v\u00e9b\u0151l A medve volt).<\/p>\n<p><strong>Eredm\u00e9nyek. 5-6. oszt\u00e1lyos kateg\u00f3ria<\/strong>: 1. B\u00e1nfi Bendeg\u00faz Bal\u00e1zs (Orosh\u00e1zi Reform\u00e1tus K\u00e9t Tan\u00edt\u00e1si Nyelv\u0171 \u00c1ltal\u00e1nos Iskola, Orosh\u00e1za), felk\u00e9sz\u00edt\u0151 tan\u00e1r: V\u00edghn\u00e9 Pint\u00e9r Lilla. 2. Kupeczki Fanni (TMKIT V\u00f6r\u00f6smarty Mih\u00e1ly Tagint\u00e9zm\u00e9ny, Orosh\u00e1za), felk\u00e9sz\u00edt\u0151 tan\u00e1r: Palyov P\u00e1ln\u00e9. 3. Vass Eliza (TMKIT Czina S\u00e1ndor Tagint\u00e9zm\u00e9ny, Orosh\u00e1za), felk\u00e9sz\u00edt\u0151 tan\u00e1r: J\u00f3sn\u00e9 Kiss Erzs\u00e9bet.<\/p>\n<p><strong>7-8. oszt\u00e1ly:<\/strong> 1. Kiss Luca (T\u00e1ncsics Mih\u00e1ly K\u00f6zoktat\u00e1si Int\u00e9zm\u00e9ny \u00e9s Tehets\u00e9gk\u00f6zpont Sz\u00e9khelyint\u00e9zm\u00e9ny, Orosh\u00e1za), felk\u00e9sz\u00edt\u0151 tan\u00e1r: Veres Ildik\u00f3.\u00a02. Irimi\u00e1s Vanda (TMKIT V\u00f6r\u00f6smarty Mih\u00e1ly Tagint\u00e9zm\u00e9ny, Orosh\u00e1za) felk\u00e9sz\u00edt\u0151 tan\u00e1r: Aminn\u00e9 M\u00f3ricz M\u00e1rta. 3. Czvitk\u00f3 Bal\u00e1zs Attila (Orosh\u00e1zi Reform\u00e1tus K\u00e9t Tan\u00edt\u00e1si Nyelv\u0171 \u00c1ltal\u00e1nos Iskola, Orosh\u00e1za), felk\u00e9sz\u00edt\u0151 tan\u00e1r: V\u00edghn\u00e9 Pint\u00e9r Lilla.<\/p>\n<p>A versenyen k\u00e9sz\u00fclt fot\u00f3k <a title=\"klikk ide\" href=\"https:\/\/picasaweb.google.com\/115753013865007437721\/KazinczyFerencrolElnevezettSzepMagyarBeszedVerseny2013Februar8\">ezen a\u00a0c\u00edmen<\/a> tekinthet\u0151k meg.<\/p>\n<p><strong><em>A verseny t\u00e1mogat\u00f3i voltak: <a href=\"http:\/\/oroshaza.hu\/\">Orosh\u00e1za V\u00e1ros \u00d6nkorm\u00e1nyzata<\/a>, <a href=\"http:\/\/www.andreavirag.hu\/teszt\/galeria_boltunk.html\">Andrea Vir\u00e1g\u00fczlet<\/a>, <a href=\"http:\/\/gyoparosfurdo-oroshaza.hu\/\">Orosh\u00e1za-Gyop\u00e1rosi Gy\u00f3gyf\u00fcrd\u0151<\/a><\/em><\/strong><\/p>\n<div class=\"fcbkbttn_buttons_block\" id=\"fcbkbttn_left\"><div class=\"fcbkbttn_like \"><fb:like href=\"https:\/\/blog.justhvk.hu\/blog\/luca-es-bendeguz\/\" action=\"like\" colorscheme=\"light\" layout=\"button_count\"  size=\"small\"><\/fb:like><\/div><div class=\"fb-share-button  \" data-href=\"https:\/\/blog.justhvk.hu\/blog\/luca-es-bendeguz\/\" data-type=\"button_count\" data-size=\"small\"><\/div><\/div>","protected":false},"excerpt":{"rendered":"<p>A k\u00e9t korcsoportban \u00f6sszesen 12 tanul\u00f3 nevezett id\u00e9n a v\u00e1ros \u00e9s a kist\u00e9rs\u00e9g \u00e1ltal\u00e1nos iskol\u00e1ib\u00f3l a\u00a0Kazinczy Ferencr\u0151l elnevezett Sz\u00e9p Magyar Besz\u00e9d verseny v\u00e1rosi, k\u00f6rzeti fordul\u00f3j\u00e1ra. A febru\u00e1r 8-\u00e1n megrendezett sz\u00e9pkiejt\u00e9si verseny helysz\u00edne ez\u00fattal is az orosh\u00e1zi Justh Zsigmond V\u00e1rosi K\u00f6nyvt\u00e1r olvas\u00f3terme, illetve a zenei r\u00e9szlege volt. A\u00a0Vet\u00e9sin\u00e9 Petr\u00e1nyi Erzs\u00e9bet, Cs\u00e1nyin\u00e9 K\u00e1d\u00e1r T\u00fcnde, Hagym\u00e1sin\u00e9 Lazanyecz Anik\u00f3 [&hellip;]<\/p>\n","protected":false},"author":5,"featured_media":0,"comment_status":"open","ping_status":"open","sticky":false,"template":"","format":"standard","meta":{"episode_type":"","audio_file":"","cover_image":"","cover_image_id":"","duration":"","filesize":"","date_recorded":"","explicit":"","block":"","filesize_raw":"","ngg_post_thumbnail":0,"footnotes":""},"categories":[255,266,452],"tags":[],"class_list":["post-7671","post","type-post","status-publish","format-standard","hentry","category-justh-zsigmond-varosi-konyvtar","category-kazinczy-verseny","category-oroshaza"],"_links":{"self":[{"href":"https:\/\/blog.justhvk.hu\/blog\/wp-json\/wp\/v2\/posts\/7671","targetHints":{"allow":["GET"]}}],"collection":[{"href":"https:\/\/blog.justhvk.hu\/blog\/wp-json\/wp\/v2\/posts"}],"about":[{"href":"https:\/\/blog.justhvk.hu\/blog\/wp-json\/wp\/v2\/types\/post"}],"author":[{"embeddable":true,"href":"https:\/\/blog.justhvk.hu\/blog\/wp-json\/wp\/v2\/users\/5"}],"replies":[{"embeddable":true,"href":"https:\/\/blog.justhvk.hu\/blog\/wp-json\/wp\/v2\/comments?post=7671"}],"version-history":[{"count":0,"href":"https:\/\/blog.justhvk.hu\/blog\/wp-json\/wp\/v2\/posts\/7671\/revisions"}],"wp:attachment":[{"href":"https:\/\/blog.justhvk.hu\/blog\/wp-json\/wp\/v2\/media?parent=7671"}],"wp:term":[{"taxonomy":"category","embeddable":true,"href":"https:\/\/blog.justhvk.hu\/blog\/wp-json\/wp\/v2\/categories?post=7671"},{"taxonomy":"post_tag","embeddable":true,"href":"https:\/\/blog.justhvk.hu\/blog\/wp-json\/wp\/v2\/tags?post=7671"}],"curies":[{"name":"wp","href":"https:\/\/api.w.org\/{rel}","templated":true}]}}