{"id":7682,"date":"2013-02-11T14:41:22","date_gmt":"2013-02-11T13:41:22","guid":{"rendered":"http:\/\/blog.justhvk.hu\/?p=7682"},"modified":"2013-02-11T14:41:22","modified_gmt":"2013-02-11T13:41:22","slug":"justh-150","status":"publish","type":"post","link":"https:\/\/blog.justhvk.hu\/blog\/justh-150\/","title":{"rendered":"Justh 150!"},"content":{"rendered":"<p>Kedves Olvas\u00f3nk, <a href=\"http:\/\/blog.justhvk.hu\/?p=7665\">ism\u00e9t<\/a> egy adag programaj\u00e1nl\u00f3 k\u00f6vetkezik.\u00a0<strong>Febru\u00e1r 16-\u00e1n, szombaton \u00fcnnepelj\u00fck Justh Zsigmond sz\u00fclet\u00e9s\u00e9nek 150. \u00e9vfordul\u00f3j\u00e1t.<\/strong> Mai bejegyz\u00e9s\u00fcnkben olyan programokat aj\u00e1nlunk figyelmetekbe, melyekkel szeretn\u00e9nk m\u00e9lt\u00f3 m\u00f3don megeml\u00e9kezni k\u00f6nyvt\u00e1runk n\u00e9vad\u00f3j\u00e1ra. Rendezv\u00e9nyeinkre a bel\u00e9p\u00e9s d\u00edjtalan, szeretettel v\u00e1runk benneteket minden programunkra.<\/p>\n<p><strong>Febru\u00e1r 13., 16 \u00f3ra<\/strong>: a\u00a0<strong>nyugd\u00edjas pedag\u00f3gusok Justh Zsigmond olvas\u00f3k\u00f6r\u00e9nek<\/strong> tal\u00e1lkoz\u00f3ja a k\u00f6nyvt\u00e1rban<\/p>\n<p><strong>Febru\u00e1r 15., 16:30<\/strong>:\u00a0<strong>Ki volt Justh Zsigmond? \u2013 Vet\u00e9sin\u00e9 Petr\u00e1nyi Erzs\u00e9bet rendhagy\u00f3 irodalom\u00f3r\u00e1ja<\/strong><\/p>\n<p><strong>Febru\u00e1r 16., 16 \u00f3ra<\/strong>: a\u00a0<strong>F\u0151nix Kardosk\u00fati Amat\u0151r Sz\u00ednj\u00e1tsz\u00f3 K\u00f6r<\/strong> el\u0151ad\u00e1sa a k\u00f6nyvt\u00e1r olvas\u00f3term\u00e9ben<\/p>\n<p style=\"text-align: center;\"><a href=\"http:\/\/192.168.10.245\/wp-content\/uploads\/2013\/02\/plakat_teljes_2013_02_26_oroshaza.jpg\"><img loading=\"lazy\" decoding=\"async\" class=\"aligncenter size-medium wp-image-7702\" title=\"plakat_teljes_2013_02_26_oroshaza\" src=\"http:\/\/192.168.10.245\/wp-content\/uploads\/2013\/02\/plakat_teljes_2013_02_26_oroshaza-212x300.jpg\" alt=\"\" width=\"212\" height=\"300\" \/><\/a><\/p>\n<p><strong>Febru\u00e1r 20., 17 \u00f3ra<\/strong>:\u00a0<strong>Justh Zsigmond napl\u00f3ja \u00e9s levelei \u2013 J\u00f3zsa Mih\u00e1ly el\u0151ad\u00f3m\u0171v\u00e9sz estje<\/strong><\/p>\n<p><strong>Febru\u00e1r 23., 17 \u00f3ra<\/strong>: az\u00a0<strong>Orosh\u00e1zi Moly Galeri<\/strong> tal\u00e1lkoz\u00f3ja a k\u00f6nyvt\u00e1rban<\/p>\n<p>A programok mellett szeretn\u00e9nk felh\u00edvni figyelm\u00e9t a k\u00f6nyvt\u00e1runk \u00e1ltal szerkesztett\u00a0<a href=\"http:\/\/justh.blog.hu\/\" target=\"_blank\">Justh-blogra<\/a>, ahol a\u00a0<em>Justh Zsigmond napl\u00f3ja \u00e9s levelei<\/em> c\u00edmmel 1977-ben megjelent k\u00f6tet anyag\u00e1t olvashatj\u00e1k el blog-form\u00e1ban. \u00a0A\u00a0<a href=\"http:\/\/justh.blog.hu\/\" target=\"_blank\">Justh-blog<\/a> els\u0151sorban azt mutatja meg, hogy egy adott napon milyen \u00e9rdekess\u00e9gek t\u00f6rt\u00e9ntek Justh Zsigmonddal \u00e9lete k\u00fcl\u00f6nb\u00f6z\u0151 szakaszaiban. A blogbejegyz\u00e9seket k\u00e9pekkel, hivatkoz\u00e1sokkal tett\u00fck\/tessz\u00fck m\u00e9g \u00e9rdekesebb\u00e9, amennyiben azt az adott sz\u00f6veg indokoltt\u00e1 teszi.\u00a0A blog c\u00edme:\u00a0<a href=\"http:\/\/justh.blog.hu\/\" target=\"_blank\">http:\/\/justh.blog.hu\/<\/a><\/p>\n<p><strong>T\u00e1mogat\u00f3ink: <a href=\"http:\/\/www.andreavirag.hu\/teszt\/galeria_boltunk.html\">Andrea Vir\u00e1g\u00fczlet<\/a>, <a href=\"http:\/\/gyoparosfurdo-oroshaza.hu\/\">Orosh\u00e1za-Gyop\u00e1rosf\u00fcrd\u0151<\/a>, Csepregi k\u00f6nyvesbolt, IQ k\u00f6nyvesbolt, Asztalos P\u00e9ks\u00e9g, <a href=\"http:\/\/pizza.forum.hu\/\">F\u00f3rum gyors\u00e9tterem<\/a><\/strong><\/p>\n<div class=\"fcbkbttn_buttons_block\" id=\"fcbkbttn_left\"><div class=\"fcbkbttn_like \"><fb:like href=\"https:\/\/blog.justhvk.hu\/blog\/justh-150\/\" action=\"like\" colorscheme=\"light\" layout=\"button_count\"  size=\"small\"><\/fb:like><\/div><div class=\"fb-share-button  \" data-href=\"https:\/\/blog.justhvk.hu\/blog\/justh-150\/\" data-type=\"button_count\" data-size=\"small\"><\/div><\/div>","protected":false},"excerpt":{"rendered":"<p>Kedves Olvas\u00f3nk, ism\u00e9t egy adag programaj\u00e1nl\u00f3 k\u00f6vetkezik.\u00a0Febru\u00e1r 16-\u00e1n, szombaton \u00fcnnepelj\u00fck Justh Zsigmond sz\u00fclet\u00e9s\u00e9nek 150. \u00e9vfordul\u00f3j\u00e1t. Mai bejegyz\u00e9s\u00fcnkben olyan programokat aj\u00e1nlunk figyelmetekbe, melyekkel szeretn\u00e9nk m\u00e9lt\u00f3 m\u00f3don megeml\u00e9kezni k\u00f6nyvt\u00e1runk n\u00e9vad\u00f3j\u00e1ra. Rendezv\u00e9nyeinkre a bel\u00e9p\u00e9s d\u00edjtalan, szeretettel v\u00e1runk benneteket minden programunkra. Febru\u00e1r 13., 16 \u00f3ra: a\u00a0nyugd\u00edjas pedag\u00f3gusok Justh Zsigmond olvas\u00f3k\u00f6r\u00e9nek tal\u00e1lkoz\u00f3ja a k\u00f6nyvt\u00e1rban Febru\u00e1r 15., 16:30:\u00a0Ki volt Justh Zsigmond? [&hellip;]<\/p>\n","protected":false},"author":5,"featured_media":0,"comment_status":"open","ping_status":"open","sticky":false,"template":"","format":"standard","meta":{"episode_type":"","audio_file":"","cover_image":"","cover_image_id":"","duration":"","filesize":"","date_recorded":"","explicit":"","block":"","filesize_raw":"","ngg_post_thumbnail":0,"footnotes":""},"categories":[254,255,452,503],"tags":[],"class_list":["post-7682","post","type-post","status-publish","format-standard","hentry","category-justh-zsigmond","category-justh-zsigmond-varosi-konyvtar","category-oroshaza","category-programajanlo"],"_links":{"self":[{"href":"https:\/\/blog.justhvk.hu\/blog\/wp-json\/wp\/v2\/posts\/7682","targetHints":{"allow":["GET"]}}],"collection":[{"href":"https:\/\/blog.justhvk.hu\/blog\/wp-json\/wp\/v2\/posts"}],"about":[{"href":"https:\/\/blog.justhvk.hu\/blog\/wp-json\/wp\/v2\/types\/post"}],"author":[{"embeddable":true,"href":"https:\/\/blog.justhvk.hu\/blog\/wp-json\/wp\/v2\/users\/5"}],"replies":[{"embeddable":true,"href":"https:\/\/blog.justhvk.hu\/blog\/wp-json\/wp\/v2\/comments?post=7682"}],"version-history":[{"count":0,"href":"https:\/\/blog.justhvk.hu\/blog\/wp-json\/wp\/v2\/posts\/7682\/revisions"}],"wp:attachment":[{"href":"https:\/\/blog.justhvk.hu\/blog\/wp-json\/wp\/v2\/media?parent=7682"}],"wp:term":[{"taxonomy":"category","embeddable":true,"href":"https:\/\/blog.justhvk.hu\/blog\/wp-json\/wp\/v2\/categories?post=7682"},{"taxonomy":"post_tag","embeddable":true,"href":"https:\/\/blog.justhvk.hu\/blog\/wp-json\/wp\/v2\/tags?post=7682"}],"curies":[{"name":"wp","href":"https:\/\/api.w.org\/{rel}","templated":true}]}}