{"id":7685,"date":"2013-02-13T09:57:48","date_gmt":"2013-02-13T08:57:48","guid":{"rendered":"http:\/\/blog.justhvk.hu\/?p=7685"},"modified":"2013-02-13T09:57:48","modified_gmt":"2013-02-13T08:57:48","slug":"szavaloverseny-tizenharmadszor","status":"publish","type":"post","link":"https:\/\/blog.justhvk.hu\/blog\/szavaloverseny-tizenharmadszor\/","title":{"rendered":"Szaval\u00f3verseny tizenharmadszor"},"content":{"rendered":"<p>2001-ben szervezte meg el\u0151sz\u00f6r k\u00f6nyvt\u00e1runk az int\u00e9zm\u00e9ny n\u00e9vad\u00f3j\u00e1r\u00f3l elnevezett Justh Zsigmond vers- \u00e9s pr\u00f3zamond\u00f3 versenyt, melynek k\u00fcl\u00f6n\u00f6sen aktualit\u00e1st adott <a href=\"http:\/\/blog.justhvk.hu\/?p=7682\">a n\u00e9vad\u00f3 sz\u00fclet\u00e9s\u00e9nek 150. \u00e9vfordul\u00f3ja<\/a>. Mint az elm\u00falt \u00e9vekben az m\u00e1r megszokott volt, nem csak B\u00e9k\u00e9s, hanem Csongr\u00e1d megyei di\u00e1kok is jelentkeztek, a h\u00e9tf\u0151i versenyen a 9-10. \u00e9vfolyamosokn\u00e1l hatan, a 11-12. \u00e9vfolyamosokn\u00e1l pedig kilencen adt\u00e1k el\u0151 v\u00e1lasztott irodalmi alkot\u00e1sukat a zs\u0171ri (<em>Bert\u00e1n\u00e9 Hal\u00e1sz Edit, J\u00f3zsa Mih\u00e1ly <\/em>\u00e9s\u00a0<em>Zalai Mih\u00e1ly<\/em>),\u00a0 valamint a szaval\u00f3t\u00e1rsak el\u0151tt.<\/p>\n<p style=\"text-align: center;\"><a href=\"https:\/\/picasaweb.google.com\/115753013865007437721\/JusthZsigmondVersEsProzamondoVerseny2013Februar11?noredirect=1\"><img loading=\"lazy\" decoding=\"async\" class=\"aligncenter size-medium wp-image-7687\" title=\"klikk, \u00e9s nagy lesz\" src=\"http:\/\/192.168.10.245\/wp-content\/uploads\/2013\/02\/P2040001-300x225.jpg\" alt=\"\" width=\"300\" height=\"225\" \/><\/a><\/p>\n<p><!--more-->Az eredm\u00e9nyhirdet\u00e9st megel\u0151z\u0151 \u00e9rt\u00e9kel\u0151j\u00e9ben a zs\u0171ri eln\u00f6ke, J\u00f3zsa Mih\u00e1ly elmondta, a mostani versenyen nem\u00a0voltak\u00a0ugyan kiugr\u00f3an j\u00f3 teljes\u00edtm\u00e9nyek, \u00f6sszess\u00e9g\u00e9ben azonban j\u00f3 volt v\u00e9gighallgatni a verseket. A zs\u0171rieln\u00f6k megeml\u00edtett n\u00e9h\u00e1ny jellemz\u0151 hib\u00e1t is: voltak, akik olyan verssel pr\u00f3b\u00e1lkoztak, amelyeket jobb olvasni, mint hallgatni, m\u00e1sok pedig olyan verseket szavaltak, melyek nem illettek az adott szem\u00e9lyhez.<\/p>\n<p><strong>V\u00e9geredm\u00e9ny. 9-10. \u00e9vfolyam:<\/strong><\/p>\n<p><strong>1. Gyurcsik D\u00f3ra<\/strong> (Sz\u00e9k\u00e1cs J\u00f3zsef Evang\u00e9likus \u00d3voda, \u00c1ltal\u00e1nos Iskola \u00e9s Gimn\u00e1zium, Orosh\u00e1za, felk\u00e9sz\u00edt\u0151 tan\u00e1r: Jenei M\u00e1ria)<\/p>\n<p><strong>2. T\u00f3th Bettina<\/strong> (Pet\u0151fi S\u00e1ndor Evang\u00e9likus Gimn\u00e1zium, Mez\u0151ber\u00e9ny, felk\u00e9sz\u00edt\u0151: Szab\u00f3 Ila)<\/p>\n<p><strong>3. R\u00e1ba Istv\u00e1n<\/strong> (Vajda P\u00e9ter Evang\u00e9likus Gimn\u00e1zium, \u00a0Szarvas, felk\u00e9sz\u00edt\u0151: Dr. Lengyel Albertn\u00e9)<\/p>\n<p><strong>11-12. \u00e9vfolyam<\/strong><\/p>\n<p><strong>1. Hack D\u00f3ra<\/strong> (Pet\u0151fi S\u00e1ndor Evang\u00e9likus Gimn\u00e1zium, Mez\u0151ber\u00e9ny, felk\u00e9sz\u00edt\u0151: Szab\u00f3 Ila)<\/p>\n<p><strong>2. Fekete Bernadett<\/strong> (Sz\u00e9k\u00e1cs J\u00f3zsef Evang\u00e9likus \u00d3voda, \u00c1ltal\u00e1nos Iskola \u00e9s Gimn\u00e1zium, Orosh\u00e1za, felk\u00e9sz\u00edt\u0151: Jenei M\u00e1ria)<\/p>\n<p><strong>3. K\u0151r\u00f6si Berta <\/strong>(Sz\u00e9kely Mih\u00e1ly Int\u00e9zm\u00e9ny, Szarvas, felk\u00e9sz\u00edt\u0151: Hajas Gabriella) \u00e9s<\/p>\n<p><strong>3. Reszel\u0151 Zolt\u00e1n <\/strong>(Pet\u0151fi S\u00e1ndor Evang\u00e9likus Gimn\u00e1zium, Mez\u0151ber\u00e9ny, felk\u00e9sz\u00edt\u0151: Szab\u00f3 Ila)<\/p>\n<p>A szaval\u00f3verseny megrendez\u00e9s\u00e9t a <strong>Csepregi K\u00f6nyvesbolt<\/strong>, az <strong>IQ k\u00f6nyvesbolt <\/strong>\u00e9s az<strong> Asztalos p\u00e9ks\u00e9g<\/strong> t\u00e1mogatta.<\/p>\n<p>A versenyen k\u00e9sz\u00fclt fot\u00f3k\u00a0<a href=\"https:\/\/picasaweb.google.com\/115753013865007437721\/JusthZsigmondVersEsProzamondoVerseny2013Februar11?noredirect=1\">ide kattintva<\/a> tekinthet\u0151k meg.<\/p>\n<div class=\"fcbkbttn_buttons_block\" id=\"fcbkbttn_left\"><div class=\"fcbkbttn_like \"><fb:like href=\"https:\/\/blog.justhvk.hu\/blog\/szavaloverseny-tizenharmadszor\/\" action=\"like\" colorscheme=\"light\" layout=\"button_count\"  size=\"small\"><\/fb:like><\/div><div class=\"fb-share-button  \" data-href=\"https:\/\/blog.justhvk.hu\/blog\/szavaloverseny-tizenharmadszor\/\" data-type=\"button_count\" data-size=\"small\"><\/div><\/div>","protected":false},"excerpt":{"rendered":"<p>2001-ben szervezte meg el\u0151sz\u00f6r k\u00f6nyvt\u00e1runk az int\u00e9zm\u00e9ny n\u00e9vad\u00f3j\u00e1r\u00f3l elnevezett Justh Zsigmond vers- \u00e9s pr\u00f3zamond\u00f3 versenyt, melynek k\u00fcl\u00f6n\u00f6sen aktualit\u00e1st adott a n\u00e9vad\u00f3 sz\u00fclet\u00e9s\u00e9nek 150. \u00e9vfordul\u00f3ja. Mint az elm\u00falt \u00e9vekben az m\u00e1r megszokott volt, nem csak B\u00e9k\u00e9s, hanem Csongr\u00e1d megyei di\u00e1kok is jelentkeztek, a h\u00e9tf\u0151i versenyen a 9-10. \u00e9vfolyamosokn\u00e1l hatan, a 11-12. \u00e9vfolyamosokn\u00e1l pedig kilencen adt\u00e1k el\u0151 [&hellip;]<\/p>\n","protected":false},"author":5,"featured_media":0,"comment_status":"open","ping_status":"open","sticky":false,"template":"","format":"standard","meta":{"episode_type":"","audio_file":"","cover_image":"","cover_image_id":"","duration":"","filesize":"","date_recorded":"","explicit":"","block":"","filesize_raw":"","ngg_post_thumbnail":0,"footnotes":""},"categories":[254,255,452,558],"tags":[],"class_list":["post-7685","post","type-post","status-publish","format-standard","hentry","category-justh-zsigmond","category-justh-zsigmond-varosi-konyvtar","category-oroshaza","category-szavaloverseny"],"_links":{"self":[{"href":"https:\/\/blog.justhvk.hu\/blog\/wp-json\/wp\/v2\/posts\/7685","targetHints":{"allow":["GET"]}}],"collection":[{"href":"https:\/\/blog.justhvk.hu\/blog\/wp-json\/wp\/v2\/posts"}],"about":[{"href":"https:\/\/blog.justhvk.hu\/blog\/wp-json\/wp\/v2\/types\/post"}],"author":[{"embeddable":true,"href":"https:\/\/blog.justhvk.hu\/blog\/wp-json\/wp\/v2\/users\/5"}],"replies":[{"embeddable":true,"href":"https:\/\/blog.justhvk.hu\/blog\/wp-json\/wp\/v2\/comments?post=7685"}],"version-history":[{"count":0,"href":"https:\/\/blog.justhvk.hu\/blog\/wp-json\/wp\/v2\/posts\/7685\/revisions"}],"wp:attachment":[{"href":"https:\/\/blog.justhvk.hu\/blog\/wp-json\/wp\/v2\/media?parent=7685"}],"wp:term":[{"taxonomy":"category","embeddable":true,"href":"https:\/\/blog.justhvk.hu\/blog\/wp-json\/wp\/v2\/categories?post=7685"},{"taxonomy":"post_tag","embeddable":true,"href":"https:\/\/blog.justhvk.hu\/blog\/wp-json\/wp\/v2\/tags?post=7685"}],"curies":[{"name":"wp","href":"https:\/\/api.w.org\/{rel}","templated":true}]}}