{"id":7694,"date":"2013-02-14T09:25:39","date_gmt":"2013-02-14T08:25:39","guid":{"rendered":"http:\/\/blog.justhvk.hu\/?p=7694"},"modified":"2013-02-14T09:25:39","modified_gmt":"2013-02-14T08:25:39","slug":"sissirol-mindent","status":"publish","type":"post","link":"https:\/\/blog.justhvk.hu\/blog\/sissirol-mindent\/","title":{"rendered":"Sissir\u0151l, mindent"},"content":{"rendered":"<p><em>Sir\u00e1ly vagyok, sehov\u00e1 se val\u00f3 \/ <\/em><em>Haz\u00e1mul semmi part se j\u00f3, \/ <\/em><em>Hely soha meg nem k\u00f6t\u00f6tt; \/ <\/em><em>Hull\u00e1mok k\u00f6zt rep\u00fcl\u00f6k.\u201d <\/em><em>\/Sissi \/<\/em><\/p>\n<p>A Nyugd\u00edjas pedag\u00f3gusok Justh Zsigmond olvas\u00f3k\u00f6re \u00a0febru\u00e1r 13-\u00e1n tartotta leg\u00fajabb \u00f6sszej\u00f6vetel\u00e9t. A t\u00e9ma Erzs\u00e9bet kir\u00e1nyn\u00e9, <em>Sissi<\/em>, Ausztria cs\u00e1sz\u00e1rn\u00e9ja, Magyarorsz\u00e1g kir\u00e1lyn\u00e9ja volt. Az el\u0151ad\u00f3 pedig <em>Szab\u00f3 G\u00e1born\u00e9 Jolika<\/em>, aki hossz\u00fa \u00e9vek \u00f3ta gy\u0171jti \u2013 \u00e9s most nek\u00fcnk is elhozta, bemutatta k\u00f6nyvt\u00e1r\u00e1nak kincseit &#8211; a Sisire vonatkoz\u00f3 alkot\u00e1sokat, gy\u00f6ny\u00f6r\u0171 albumokat, valamint n\u00e9h\u00e1ny, Sissi arck\u00e9p\u00e9vel d\u00edsz\u00edtett \u00a0kedves eml\u00e9kt\u00e1rgy\u00e1t is.<\/p>\n<p><a href=\"http:\/\/192.168.10.245\/wp-content\/uploads\/2013\/02\/P2060022.jpg\"><img loading=\"lazy\" decoding=\"async\" class=\"aligncenter size-medium wp-image-7695\" title=\"P2060022\" src=\"http:\/\/192.168.10.245\/wp-content\/uploads\/2013\/02\/P2060022-225x300.jpg\" alt=\"\" width=\"225\" height=\"300\" \/><\/a><\/p>\n<p><!--more-->Sissi, akit kora legszebb asszony\u00e1nak tartottak, egy\u00e9nis\u00e9g\u00e9nek \u00e9s a magyarok ir\u00e1nti szeretet\u00e9nek k\u00f6sz\u00f6nhet\u0151en m\u00e1ig az egyik legn\u00e9pszer\u0171bb t\u00f6rt\u00e9nelmi szem\u00e9ly Magyarorsz\u00e1gon. \u00c9lete sz\u00e1mtalan \u00a0irodalmi alkot\u00e1s, film, \u00a0 musical, \u00a0szobor ihlet\u0151je, nev\u00e9t jeles l\u00e9tes\u00edtm\u00e9nyek, int\u00e9zm\u00e9nyek viselik. Az el\u0151ad\u00e1s nemcsak ismereteinket b\u0151v\u00edtette &#8211; \u00e9rdekes, elgondolkodtat\u00f3 \u00e9s \u00e9lm\u00e9nyszer\u0171 volt. S\u0151t, a fogy\u00f3k\u00far\u00e1ra, haj\u00e1pol\u00e1sra vonatkoz\u00f3an is kaphattunk \u201etippeket\u201d. Igaz, az eg\u00e9szs\u00e9ges t\u00e1pl\u00e1lkoz\u00e1s \u00e9rdek\u00e9ben kicsit macer\u00e1s lenne legt\u00f6bb\u00fcnknek saj\u00e1t kecsk\u00e9t, tehenet tartani, m\u00e9g a nyaral\u00e1sra is magunkkal cipelni a der\u00e9k j\u00f3sz\u00e1gokat, de 30 toj\u00e1st kikeverni hat \u00fcveg konyakkal, \u00e9s ezt haszn\u00e1lni hajpakol\u00e1sra \u2013 h\u00e1t ez m\u00e1r j\u00f6het! \u2013 ink\u00e1bb a hajra mint a hasba azt a konyakot! Addig meg k\u00f6sz\u00f6nj\u00fck a \u201eszellemi t\u00e1pl\u00e1l\u00e9kot\u201d \u2013 \u00e9s a finom csokit, amivel kedves el\u0151ad\u00f3nk a v\u00e9g\u00e9n megk\u00edn\u00e1lt benn\u00fcnket, m\u00e9g ink\u00e1bb meg\u00e9des\u00edtve ezt a kellemes d\u00e9lut\u00e1nt.<\/p>\n<div id=\"_mcePaste\">Az olvas\u00f3k\u00f6r k\u00f6vetkez\u0151 tal\u00e1lkoz\u00f3ja m\u00e1rcius 13- \u00e1n lesz \u2013 v\u00e1runk mindenkit!<\/div>\n<p>Ha a tal\u00e1lkoz\u00f3n k\u00e9sz\u00fclt fot\u00f3kat is l\u00e1tni szeretn\u00e9d, k\u00e9rj\u00fck, <a href=\"https:\/\/picasaweb.google.com\/115753013865007437721\/JusthZsigmondOlvasokorTalalkozo2013Februar13\">kattints erre a linkre<\/a>!<\/p>\n<div class=\"fcbkbttn_buttons_block\" id=\"fcbkbttn_left\"><div class=\"fcbkbttn_like \"><fb:like href=\"https:\/\/blog.justhvk.hu\/blog\/sissirol-mindent\/\" action=\"like\" colorscheme=\"light\" layout=\"button_count\"  size=\"small\"><\/fb:like><\/div><div class=\"fb-share-button  \" data-href=\"https:\/\/blog.justhvk.hu\/blog\/sissirol-mindent\/\" data-type=\"button_count\" data-size=\"small\"><\/div><\/div>","protected":false},"excerpt":{"rendered":"<p>Sir\u00e1ly vagyok, sehov\u00e1 se val\u00f3 \/ Haz\u00e1mul semmi part se j\u00f3, \/ Hely soha meg nem k\u00f6t\u00f6tt; \/ Hull\u00e1mok k\u00f6zt rep\u00fcl\u00f6k.\u201d \/Sissi \/ A Nyugd\u00edjas pedag\u00f3gusok Justh Zsigmond olvas\u00f3k\u00f6re \u00a0febru\u00e1r 13-\u00e1n tartotta leg\u00fajabb \u00f6sszej\u00f6vetel\u00e9t. A t\u00e9ma Erzs\u00e9bet kir\u00e1nyn\u00e9, Sissi, Ausztria cs\u00e1sz\u00e1rn\u00e9ja, Magyarorsz\u00e1g kir\u00e1lyn\u00e9ja volt. Az el\u0151ad\u00f3 pedig Szab\u00f3 G\u00e1born\u00e9 Jolika, aki hossz\u00fa \u00e9vek \u00f3ta gy\u0171jti [&hellip;]<\/p>\n","protected":false},"author":10,"featured_media":0,"comment_status":"open","ping_status":"open","sticky":false,"template":"","format":"standard","meta":{"episode_type":"","audio_file":"","cover_image":"","cover_image_id":"","duration":"","filesize":"","date_recorded":"","explicit":"","block":"","filesize_raw":"","ngg_post_thumbnail":0,"footnotes":""},"categories":[255,431,441,452,542,554],"tags":[],"class_list":["post-7694","post","type-post","status-publish","format-standard","hentry","category-justh-zsigmond-varosi-konyvtar","category-nyugdijas-pedagogusok-justh-zsigmond-olvasokore","category-olvasokorok","category-oroshaza","category-sissi","category-szabo-gaborne"],"_links":{"self":[{"href":"https:\/\/blog.justhvk.hu\/blog\/wp-json\/wp\/v2\/posts\/7694","targetHints":{"allow":["GET"]}}],"collection":[{"href":"https:\/\/blog.justhvk.hu\/blog\/wp-json\/wp\/v2\/posts"}],"about":[{"href":"https:\/\/blog.justhvk.hu\/blog\/wp-json\/wp\/v2\/types\/post"}],"author":[{"embeddable":true,"href":"https:\/\/blog.justhvk.hu\/blog\/wp-json\/wp\/v2\/users\/10"}],"replies":[{"embeddable":true,"href":"https:\/\/blog.justhvk.hu\/blog\/wp-json\/wp\/v2\/comments?post=7694"}],"version-history":[{"count":0,"href":"https:\/\/blog.justhvk.hu\/blog\/wp-json\/wp\/v2\/posts\/7694\/revisions"}],"wp:attachment":[{"href":"https:\/\/blog.justhvk.hu\/blog\/wp-json\/wp\/v2\/media?parent=7694"}],"wp:term":[{"taxonomy":"category","embeddable":true,"href":"https:\/\/blog.justhvk.hu\/blog\/wp-json\/wp\/v2\/categories?post=7694"},{"taxonomy":"post_tag","embeddable":true,"href":"https:\/\/blog.justhvk.hu\/blog\/wp-json\/wp\/v2\/tags?post=7694"}],"curies":[{"name":"wp","href":"https:\/\/api.w.org\/{rel}","templated":true}]}}