{"id":7704,"date":"2013-02-15T15:29:32","date_gmt":"2013-02-15T14:29:32","guid":{"rendered":"http:\/\/blog.justhvk.hu\/?p=7704"},"modified":"2013-02-15T15:29:32","modified_gmt":"2013-02-15T14:29:32","slug":"hajolj-le-a-nephez","status":"publish","type":"post","link":"https:\/\/blog.justhvk.hu\/blog\/hajolj-le-a-nephez\/","title":{"rendered":"&quot;Hajolj le a n\u00e9phez&#8230;&quot;"},"content":{"rendered":"<p>Ma d\u00e9lut\u00e1n aut\u00f3ba \u00fclt\u00fcnk, \u00e9s meg sem \u00e1lltunk a g\u00e1dorosi temet\u0151ig, hogy vir\u00e1got helyezz\u00fcnk el k\u00f6nyvt\u00e1runk n\u00e9vad\u00f3ja, a 150 \u00e9ve sz\u00fcletett Justh Zsigmond s\u00edrj\u00e1n\u00e1l (a pontoss\u00e1g kedv\u00e9\u00e9rt jegyezz\u00fck meg: a kerek \u00e9vfordul\u00f3 holnap, febru\u00e1r 16-\u00e1n lesz). A r\u00f6vidke \u00fat sor\u00e1n elhaladtunk Justh egykori kast\u00e9ly\u00e1nak a helye mellett is, sajnos m\u00e1r nyoma sincs az egykori \u00e9p\u00fcletnek. A temet\u0151ben <a href=\"https:\/\/picasaweb.google.com\/115753013865007437721\/JusthZsigmondSirja2013Februar15\">n\u00e9h\u00e1ny fot\u00f3t is k\u00e9sz\u00edtett\u00fcnk<\/a>, hogy ti is l\u00e1thass\u00e1tok, hol kapott v\u00e9gs\u0151 nyughelyet a XIX. sz\u00e1zad v\u00e9gi magyar irodalom \u00e9s m\u0171v\u00e9szet egyik leg\u00e9rdekesebb alakja.<\/p>\n<p>P\u00e1ratlanul \u00e9rt\u00e9kes <a href=\"http:\/\/justh.blog.hu\/\">napl\u00f3j\u00e1t itt olvashatj\u00e1tok<\/a>, az \u00e9vfordul\u00f3hoz kapcsol\u00f3d\u00f3 programokat pedig <a href=\"http:\/\/blog.justhvk.hu\/?p=7682\">itt tal\u00e1lj\u00e1tok<\/a>.<\/p>\n<p><a href=\"https:\/\/picasaweb.google.com\/115753013865007437721\/JusthZsigmondSirja2013Februar15#5845177816986879634\"><img loading=\"lazy\" decoding=\"async\" class=\"aligncenter size-medium wp-image-7705\" title=\"Justh-sir\" src=\"http:\/\/192.168.10.245\/wp-content\/uploads\/2013\/02\/P2080001-225x300.jpg\" alt=\"\" width=\"225\" height=\"300\" \/><\/a><\/p>\n<div class=\"fcbkbttn_buttons_block\" id=\"fcbkbttn_left\"><div class=\"fcbkbttn_like \"><fb:like href=\"https:\/\/blog.justhvk.hu\/blog\/hajolj-le-a-nephez\/\" action=\"like\" colorscheme=\"light\" layout=\"button_count\"  size=\"small\"><\/fb:like><\/div><div class=\"fb-share-button  \" data-href=\"https:\/\/blog.justhvk.hu\/blog\/hajolj-le-a-nephez\/\" data-type=\"button_count\" data-size=\"small\"><\/div><\/div>","protected":false},"excerpt":{"rendered":"<p>Ma d\u00e9lut\u00e1n aut\u00f3ba \u00fclt\u00fcnk, \u00e9s meg sem \u00e1lltunk a g\u00e1dorosi temet\u0151ig, hogy vir\u00e1got helyezz\u00fcnk el k\u00f6nyvt\u00e1runk n\u00e9vad\u00f3ja, a 150 \u00e9ve sz\u00fcletett Justh Zsigmond s\u00edrj\u00e1n\u00e1l (a pontoss\u00e1g kedv\u00e9\u00e9rt jegyezz\u00fck meg: a kerek \u00e9vfordul\u00f3 holnap, febru\u00e1r 16-\u00e1n lesz). A r\u00f6vidke \u00fat sor\u00e1n elhaladtunk Justh egykori kast\u00e9ly\u00e1nak a helye mellett is, sajnos m\u00e1r nyoma sincs az egykori \u00e9p\u00fcletnek. [&hellip;]<\/p>\n","protected":false},"author":5,"featured_media":0,"comment_status":"open","ping_status":"open","sticky":false,"template":"","format":"standard","meta":{"episode_type":"","audio_file":"","cover_image":"","cover_image_id":"","duration":"","filesize":"","date_recorded":"","explicit":"","block":"","filesize_raw":"","ngg_post_thumbnail":0,"footnotes":""},"categories":[254,255,452],"tags":[],"class_list":["post-7704","post","type-post","status-publish","format-standard","hentry","category-justh-zsigmond","category-justh-zsigmond-varosi-konyvtar","category-oroshaza"],"_links":{"self":[{"href":"https:\/\/blog.justhvk.hu\/blog\/wp-json\/wp\/v2\/posts\/7704","targetHints":{"allow":["GET"]}}],"collection":[{"href":"https:\/\/blog.justhvk.hu\/blog\/wp-json\/wp\/v2\/posts"}],"about":[{"href":"https:\/\/blog.justhvk.hu\/blog\/wp-json\/wp\/v2\/types\/post"}],"author":[{"embeddable":true,"href":"https:\/\/blog.justhvk.hu\/blog\/wp-json\/wp\/v2\/users\/5"}],"replies":[{"embeddable":true,"href":"https:\/\/blog.justhvk.hu\/blog\/wp-json\/wp\/v2\/comments?post=7704"}],"version-history":[{"count":0,"href":"https:\/\/blog.justhvk.hu\/blog\/wp-json\/wp\/v2\/posts\/7704\/revisions"}],"wp:attachment":[{"href":"https:\/\/blog.justhvk.hu\/blog\/wp-json\/wp\/v2\/media?parent=7704"}],"wp:term":[{"taxonomy":"category","embeddable":true,"href":"https:\/\/blog.justhvk.hu\/blog\/wp-json\/wp\/v2\/categories?post=7704"},{"taxonomy":"post_tag","embeddable":true,"href":"https:\/\/blog.justhvk.hu\/blog\/wp-json\/wp\/v2\/tags?post=7704"}],"curies":[{"name":"wp","href":"https:\/\/api.w.org\/{rel}","templated":true}]}}