{"id":776,"date":"2008-09-30T14:36:36","date_gmt":"2008-09-30T13:36:36","guid":{"rendered":"http:\/\/blog.justhvk.hu\/?p=776"},"modified":"2008-09-30T14:36:36","modified_gmt":"2008-09-30T13:36:36","slug":"776","status":"publish","type":"post","link":"https:\/\/blog.justhvk.hu\/blog\/776\/","title":{"rendered":"AZ Klub kontra Talon"},"content":{"rendered":"<p>Holnap (okt\u00f3ber 1., a Zene vil\u00e1gnapja) 17 \u00f3r\u00e1t\u00f3l igazi helyt\u00f6rt\u00e9neti csemeg\u00e9vel lepi meg hallgat\u00f3s\u00e1g\u00e1t a <a href=\"http:\/\/szkm.hu\/\">m\u00fazeumban<\/a> zenei k\u00f6nyvt\u00e1rosunk, <a href=\"http:\/\/tjoco.hu\/\">T\u00f6rk\u00f6ly Joc\u00f3<\/a>. El\u0151ad\u00e1s\u00e1nak c\u00edme &#8211; <em>AZ Klub kontra Talon: Klub\u00e9let \u00e9s zenei mozgalom Orosh\u00e1z\u00e1n az 1990-es \u00e9vek els\u0151 fel\u00e9ben<\/em> &#8211; alighanem sok orosh\u00e1zi \u00e9rdekl\u0151d\u00e9s\u00e9t felkeltheti majd, akik-e k\u00e9t patin\u00e1ns m\u0171int\u00e9zm\u00e9nyben t\u00f6lt\u00f6tt\u00e9k ifj\u00fas\u00e1guk m\u00e1moros szombat est\u00e9it.<\/p>\n<p>Lesz itt sz\u00f3 a kor t\u00e1rsadalmi h\u00e1tter\u00e9r\u0151l, a szkinhedekr\u0151l, a punkokr\u00f3l, a cs\u00f6vesekr\u0151l, helyi zenekarokr\u00f3l \u00e9s helyi zen\u00e9szekr\u0151l, \u00e9s minden olyasmir\u0151l, ami kellemes retrohangulatot visz majd a m\u00fazeumba.<\/p>\n<div class=\"fcbkbttn_buttons_block\" id=\"fcbkbttn_left\"><div class=\"fcbkbttn_like \"><fb:like href=\"https:\/\/blog.justhvk.hu\/blog\/776\/\" action=\"like\" colorscheme=\"light\" layout=\"button_count\"  size=\"small\"><\/fb:like><\/div><div class=\"fb-share-button  \" data-href=\"https:\/\/blog.justhvk.hu\/blog\/776\/\" data-type=\"button_count\" data-size=\"small\"><\/div><\/div>","protected":false},"excerpt":{"rendered":"<p>Holnap (okt\u00f3ber 1., a Zene vil\u00e1gnapja) 17 \u00f3r\u00e1t\u00f3l igazi helyt\u00f6rt\u00e9neti csemeg\u00e9vel lepi meg hallgat\u00f3s\u00e1g\u00e1t a m\u00fazeumban zenei k\u00f6nyvt\u00e1rosunk, T\u00f6rk\u00f6ly Joc\u00f3. El\u0151ad\u00e1s\u00e1nak c\u00edme &#8211; AZ Klub kontra Talon: Klub\u00e9let \u00e9s zenei mozgalom Orosh\u00e1z\u00e1n az 1990-es \u00e9vek els\u0151 fel\u00e9ben &#8211; alighanem sok orosh\u00e1zi \u00e9rdekl\u0151d\u00e9s\u00e9t felkeltheti majd, akik-e k\u00e9t patin\u00e1ns m\u0171int\u00e9zm\u00e9nyben t\u00f6lt\u00f6tt\u00e9k ifj\u00fas\u00e1guk m\u00e1moros szombat est\u00e9it. Lesz itt [&hellip;]<\/p>\n","protected":false},"author":5,"featured_media":0,"comment_status":"open","ping_status":"open","sticky":false,"template":"","format":"standard","meta":{"episode_type":"","audio_file":"","cover_image":"","cover_image_id":"","duration":"","filesize":"","date_recorded":"","explicit":"","block":"","filesize_raw":"","ngg_post_thumbnail":0,"footnotes":""},"categories":[561,597,657],"tags":[],"class_list":["post-776","post","type-post","status-publish","format-standard","hentry","category-szanto_kovacs_muzeum","category-torkoly-jozsef","category-zene"],"_links":{"self":[{"href":"https:\/\/blog.justhvk.hu\/blog\/wp-json\/wp\/v2\/posts\/776","targetHints":{"allow":["GET"]}}],"collection":[{"href":"https:\/\/blog.justhvk.hu\/blog\/wp-json\/wp\/v2\/posts"}],"about":[{"href":"https:\/\/blog.justhvk.hu\/blog\/wp-json\/wp\/v2\/types\/post"}],"author":[{"embeddable":true,"href":"https:\/\/blog.justhvk.hu\/blog\/wp-json\/wp\/v2\/users\/5"}],"replies":[{"embeddable":true,"href":"https:\/\/blog.justhvk.hu\/blog\/wp-json\/wp\/v2\/comments?post=776"}],"version-history":[{"count":0,"href":"https:\/\/blog.justhvk.hu\/blog\/wp-json\/wp\/v2\/posts\/776\/revisions"}],"wp:attachment":[{"href":"https:\/\/blog.justhvk.hu\/blog\/wp-json\/wp\/v2\/media?parent=776"}],"wp:term":[{"taxonomy":"category","embeddable":true,"href":"https:\/\/blog.justhvk.hu\/blog\/wp-json\/wp\/v2\/categories?post=776"},{"taxonomy":"post_tag","embeddable":true,"href":"https:\/\/blog.justhvk.hu\/blog\/wp-json\/wp\/v2\/tags?post=776"}],"curies":[{"name":"wp","href":"https:\/\/api.w.org\/{rel}","templated":true}]}}