{"id":7775,"date":"2010-01-25T18:22:17","date_gmt":"2010-01-25T17:22:17","guid":{"rendered":"http:\/\/blog.justhvk.hu\/?p=2486"},"modified":"2010-01-25T18:22:17","modified_gmt":"2010-01-25T17:22:17","slug":"tancolni-kell-uram-a-zene-majd-csak-megjon-valahonnan-2","status":"publish","type":"post","link":"https:\/\/blog.justhvk.hu\/blog\/tancolni-kell-uram-a-zene-majd-csak-megjon-valahonnan-2\/","title":{"rendered":"&#8222;T\u00e1ncolni kell Uram, a zene majd csak megj\u00f6n valahonnan&#8230;&#8221;"},"content":{"rendered":"<p><strong> <\/strong><\/p>\n<p>K\u00f6zmunkaprogram, k\u00f6nyvt\u00e1ri digitaliz\u00e1l\u00e1s \u2013 ez volt a legut\u00f3bbi <a title=\"Kasza, kapa, laptop\" href=\"http:\/\/www.kithirlevel.hu\/#a10854\">KIT H\u00edrlev\u00e9l egyik cikkj\u00e9nek t\u00e9m\u00e1ja<\/a>, \u00e9s a hozz\u00e1f\u0171z\u00f6tt megjegyz\u00e9sben Mikul\u00e1s G\u00e1bor felvetette, hogy tal\u00e1n a k\u00f6nyvt\u00e1ri dokumentumokig is eljutnak majd a munkan\u00e9lk\u00fcliek.<\/p>\n<p>Ez n\u00e1lunk m\u00e1r megval\u00f3sult, k\u00f6nyvt\u00e1runk helyismereti \u00e1llom\u00e1ny\u00e1t k\u00f6zmunk\u00e1sok digitaliz\u00e1lj\u00e1k 2009 m\u00e1jusa \u00f3ta, teh\u00e1t gyakorlatilag a k\u00f6zmunkaprogram kezdete \u00f3ta.<\/p>\n<p>A helyismereti dokumentumok digitaliz\u00e1l\u00e1s\u00e1nak sz\u00fcks\u00e9gszer\u0171s\u00e9ge <a title=\"strat\u00e9gia, e-dok\" href=\"http:\/\/kithirlevel.hu\/index.php?kh=kihagyhatatlan_strategiai_kerdesek\">nem \u00fajkelet\u0171 probl\u00e9ma<\/a>, r\u00e9g\u00f3ta tudjuk, hogy nagyon fontos a k\u00f6nyvt\u00e1ri munk\u00e1ban (\u00e1llom\u00e1nyv\u00e9delmi \u00e9s t\u00e1j\u00e9koztat\u00e1si szempontb\u00f3l egyar\u00e1nt). A megval\u00f3sul\u00e1sa azonban gyakorlati probl\u00e9m\u00e1kba \u00fctk\u00f6z\u00f6tt, ezek a szok\u00e1sosak (hum\u00e1ner\u0151forr\u00e1s leterhelts\u00e9ge, eszk\u00f6z- \u00e9s szoftverhi\u00e1ny, stb.). A k\u00f6zmunkaprogram a l\u00e9tsz\u00e1mgondokon ugyan enyh\u00edtett, azonban ez \u00f6nmag\u00e1ban kev\u00e9s, l\u00e1sd az el\u0151bb felsoroltakat, illetve a k\u00f6zmunk\u00e1sok betan\u00edt\u00e1sa, a munk\u00e1juk ellen\u0151rz\u00e9se szint\u00e9n k\u00f6nyvt\u00e1rosi feladat, teh\u00e1t a megl\u00e9v\u0151 akad\u00e1lyokhoz \u00fajabbak t\u00e1rsulhatnak.<\/p>\n<p>Kicsit hosszan magyar\u00e1zkodtam, de akkor most elmondom, hogyan m\u0171k\u00f6dik m\u00e9gis.<\/p>\n<p>Adva van egy civil szervezet, amely r\u00e9szt vesz a k\u00f6zmunkaprogramban, tev\u00e9kenys\u00e9g\u00e9b\u0151l ad\u00f3d\u00f3an jellemz\u0151en kamp\u00e1nymunk\u00e1k elv\u00e9gz\u00e9s\u00e9re volt sz\u00fcks\u00e9g a plusz l\u00e9tsz\u00e1mra. A folyamatos munkav\u00e9gz\u00e9s biztos\u00edt\u00e1s\u00e1ra, illetve, hogy megfeleljenek az elv\u00e1rt c\u00e9loknak (konkr\u00e9t eredm\u00e9nyek el\u00e9r\u00e9se, hasznos munka megszervez\u00e9se, a munka vil\u00e1g\u00e1ba t\u00f6rt\u00e9n\u0151 visszavezet\u00e9s) \u00f6tleteket v\u00e1rtak.<\/p>\n<p>\u00c9s itt j\u00f6tt a k\u00f6nyvt\u00e1r: nek\u00fcnk nem fontos, hogy a digitaliz\u00e1l\u00e1s m\u00e1r\u00f3l-holnapra k\u00e9szen legyen, \u00edgy a felszabadul\u00f3 munkaid\u0151ben t\u00f6rt\u00e9nhet a k\u00f6nyvt\u00e1ri dokumentumok digitaliz\u00e1l\u00e1sa, az egyes\u00fclet programj\u00e1hoz alkalmazkodva.<\/p>\n<p>L\u00e9trej\u00f6tt a meg\u00e1llapod\u00e1s a civil szervezet \u00e9s a k\u00f6nyvt\u00e1r k\u00f6z\u00f6tt a kultur\u00e1lis javak v\u00e9delm\u00e9r\u0151l \u00e9s elkezd\u0151d\u00f6tt a munka.<\/p>\n<p>Az egyes\u00fcletnek volt megfelel\u0151 g\u00e9pparkja, a k\u00f6zmunka-projekt vezet\u0151je v\u00e1llalta, hogy a k\u00f6zmunk\u00e1sokat megtan\u00edtja a sz\u00fcks\u00e9ges eszk\u00f6z\u00f6k, szoftverek haszn\u00e1lat\u00e1ra \u2013 k\u00e9s\u0151bb kider\u00fclt, hogy sikerrel, hiszen az elm\u00falt \u00e9vben h\u00e1rom ember tal\u00e1lt mag\u00e1nak munk\u00e1t az egyes\u00fcletn\u00e9l elsaj\u00e1t\u00edtott ismereteket hasznos\u00edtva, az egyes\u00fclett\u0151l kapott referenci\u00e1val. Teh\u00e1t a helyismereti dokumentumok digitaliz\u00e1l\u00e1s\u00e1nak e m\u00f3dja hosszabb t\u00e1v\u00fa t\u00e1rsadalmi haszonnal b\u00edr a projektben r\u00e9sztvev\u0151 mindh\u00e1rom f\u00e9l sz\u00e1m\u00e1ra.<\/p>\n<p>\u00c9s hogy j\u00f6n ide Zorba, a g\u00f6r\u00f6g? M\u00e9g valamikor nagyon r\u00e9gen, egy beadand\u00f3 dolgozatomnak adtam ezt a c\u00edmet, azt hiszem, a k\u00f6nyvt\u00e1ri t\u00e1j\u00e9koztat\u00e1s, inform\u00e1ci\u00f3-szolg\u00e1ltat\u00e1s meg\u00faj\u00edt\u00e1s\u00e1nak lehet\u0151s\u00e9geir\u0151l kellett \u00edrni. \u00c9s ez lett az \u00e9n k\u00f6nyvt\u00e1rosi mott\u00f3m, hiszen t\u00f6bbsz\u00f6r kezdtem-kezdt\u00fcnk neki ebben a szellemben valami \u00fajnak: 1999-ben a K\u00f6z-Pont Inform\u00e1ci\u00f3s szoba \u00e9s szolg\u00e1ltat\u00e1sai, \u00e9s p\u00e9ld\u00e1ul a k\u00f6nyvt\u00e1ri blog is \u00edgy indult: gyakorlatilag egy \u00f6tlet, nulla h\u00e1tt\u00e9rrel, hozz\u00e1 a meggy\u0151z\u0151d\u00e9s, hogy szakmailag j\u00f3 \u00e9s kiker\u00fclhetetlen v\u00e9gigvinni egy-egy \u00f6tletet, h\u00e1t csin\u00e1ljuk\u2026Ez a digitaliz\u00e1l\u00f3s programunk is ilyesmi: szem\u00e9lyes ismerets\u00e9gb\u0151l indult, nem agyaltunk szerz\u0151i jogokon, hiszen mi \u00e1llom\u00e1nyt v\u00e9d\u00fcnk \u00e9s archiv\u00e1lunk az ut\u00f3kornak, nyilv\u00e1noss\u00e1gra term\u00e9szetesen akkor ker\u00fclnek csak a dokumentumok, ha majd minden sz\u00fcks\u00e9ges h\u00e1tt\u00e9rmunk\u00e1t elv\u00e9gz\u00fcnk. Sz\u00f3val, elkezdt\u00fcnk t\u00e1ncolni, a zene pedig majd csak megj\u00f6n valahonnan<strong> \u2026<\/strong><\/p>\n<div class=\"fcbkbttn_buttons_block\" id=\"fcbkbttn_left\"><div class=\"fcbkbttn_like \"><fb:like href=\"https:\/\/blog.justhvk.hu\/blog\/tancolni-kell-uram-a-zene-majd-csak-megjon-valahonnan-2\/\" action=\"like\" colorscheme=\"light\" layout=\"button_count\"  size=\"small\"><\/fb:like><\/div><div class=\"fb-share-button  \" data-href=\"https:\/\/blog.justhvk.hu\/blog\/tancolni-kell-uram-a-zene-majd-csak-megjon-valahonnan-2\/\" data-type=\"button_count\" data-size=\"small\"><\/div><\/div>","protected":false},"excerpt":{"rendered":"<p>K\u00f6zmunkaprogram, k\u00f6nyvt\u00e1ri digitaliz\u00e1l\u00e1s \u2013 ez volt a legut\u00f3bbi KIT H\u00edrlev\u00e9l egyik cikkj\u00e9nek t\u00e9m\u00e1ja, \u00e9s a hozz\u00e1f\u0171z\u00f6tt megjegyz\u00e9sben Mikul\u00e1s G\u00e1bor felvetette, hogy tal\u00e1n a k\u00f6nyvt\u00e1ri dokumentumokig is eljutnak majd a munkan\u00e9lk\u00fcliek. Ez n\u00e1lunk m\u00e1r megval\u00f3sult, k\u00f6nyvt\u00e1runk helyismereti \u00e1llom\u00e1ny\u00e1t k\u00f6zmunk\u00e1sok digitaliz\u00e1lj\u00e1k 2009 m\u00e1jusa \u00f3ta, teh\u00e1t gyakorlatilag a k\u00f6zmunkaprogram kezdete \u00f3ta. A helyismereti dokumentumok digitaliz\u00e1l\u00e1s\u00e1nak sz\u00fcks\u00e9gszer\u0171s\u00e9ge nem \u00fajkelet\u0171 [&hellip;]<\/p>\n","protected":false},"author":2,"featured_media":0,"comment_status":"open","ping_status":"open","sticky":false,"template":"","format":"standard","meta":{"episode_type":"","audio_file":"","cover_image":"","cover_image_id":"","duration":"","filesize":"","date_recorded":"","explicit":"","block":"","filesize_raw":"","ngg_post_thumbnail":0,"footnotes":""},"categories":[110,213,255],"tags":[799],"class_list":["post-7775","post","type-post","status-publish","format-standard","hentry","category-digitalizalas","category-helytortenet","category-justh-zsigmond-varosi-konyvtar","tag-justh-zsigmond-varosi-konyvtar"],"_links":{"self":[{"href":"https:\/\/blog.justhvk.hu\/blog\/wp-json\/wp\/v2\/posts\/7775","targetHints":{"allow":["GET"]}}],"collection":[{"href":"https:\/\/blog.justhvk.hu\/blog\/wp-json\/wp\/v2\/posts"}],"about":[{"href":"https:\/\/blog.justhvk.hu\/blog\/wp-json\/wp\/v2\/types\/post"}],"author":[{"embeddable":true,"href":"https:\/\/blog.justhvk.hu\/blog\/wp-json\/wp\/v2\/users\/2"}],"replies":[{"embeddable":true,"href":"https:\/\/blog.justhvk.hu\/blog\/wp-json\/wp\/v2\/comments?post=7775"}],"version-history":[{"count":0,"href":"https:\/\/blog.justhvk.hu\/blog\/wp-json\/wp\/v2\/posts\/7775\/revisions"}],"wp:attachment":[{"href":"https:\/\/blog.justhvk.hu\/blog\/wp-json\/wp\/v2\/media?parent=7775"}],"wp:term":[{"taxonomy":"category","embeddable":true,"href":"https:\/\/blog.justhvk.hu\/blog\/wp-json\/wp\/v2\/categories?post=7775"},{"taxonomy":"post_tag","embeddable":true,"href":"https:\/\/blog.justhvk.hu\/blog\/wp-json\/wp\/v2\/tags?post=7775"}],"curies":[{"name":"wp","href":"https:\/\/api.w.org\/{rel}","templated":true}]}}