{"id":8371,"date":"2013-04-11T09:55:19","date_gmt":"2013-04-11T08:55:19","guid":{"rendered":"http:\/\/blog.justhvk.hu\/?p=7946"},"modified":"2013-04-11T09:55:19","modified_gmt":"2013-04-11T08:55:19","slug":"facebookos-verdi-kakukktojas-wagner","status":"publish","type":"post","link":"https:\/\/blog.justhvk.hu\/blog\/facebookos-verdi-kakukktojas-wagner\/","title":{"rendered":"Facebookos Verdi, kakukktoj\u00e1s Wagner"},"content":{"rendered":"<p>Nos, mai vil\u00e1gunkban m\u00e1r nem igaz\u00e1n van m\u00f3d b\u00e1rmit is tenni, hagyom\u00e1nyos r\u00e9gi eszk\u00f6z\u00f6kkel, illetve fogalmazzunk \u00fagy, t\u00f6bb es\u00e9llyel p\u00e1ly\u00e1zhatunk egy-egy k\u00f6zl\u00e9s siker\u00e9re, ha k\u00f6vetj\u00fck a kort, melyben \u00e9l\u00fcnk, legal\u00e1bbis st\u00edlus\u00e1t, hangulat\u00e1t, formavil\u00e1g\u00e1t illet\u0151en. Ez magyarra ford\u00edtva eset\u00fcnkben annyit tesz, hogy a G. Verdi \u00e9s R. Wagner sz\u00fclet\u00e9s\u00e9nek 200. \u00e9vfordul\u00f3ja alkalm\u00e1b\u00f3l rendezett zenei j\u00e1t\u00e9kunkat az \u00e1ltal\u00e1nos iskol\u00e1k 7-8. oszt\u00e1lyosai sz\u00e1m\u00e1ra megpr\u00f3b\u00e1ltuk olyan k\u00f6nt\u00f6sbe b\u00fajtatni, ami k\u00f6zel \u00e1llhat ehhez a koroszt\u00e1lyhoz. J\u00e1t\u00e9kosra vett\u00fck teh\u00e1t a figur\u00e1t. Ez\u00e9rt ker\u00fclt be a feladatok k\u00f6z\u00e9 pl. facebookos j\u00e1t\u00e9k, mem\u00f3riak\u00e1rty\u00e1s p\u00e1roztat\u00f3 feladv\u00e1ny, ahol zenei szakkifejez\u00e9seket \u00e9s jelent\u00e9s\u00fcket kellett p\u00e1rba \u00e1ll\u00edtani, vagy romantikus szerz\u0151k sz\u00e9tv\u00e1gott k\u00e9peinek \u00f6sszerak\u00e1sa. \u00d6sszesen 10 feladatot \u00e1ll\u00edtottunk \u00f6ssze az \u00e1prilis 10-ei j\u00e1t\u00e9kra, s a k\u00e9rd\u00e9seink a k\u00e9t szerz\u0151 \u00e9letrajz\u00e1hoz, egy-egy oper\u00e1jukhoz (Aida, illetve Tannh\u00e4user), valamint a zenei romantik\u00e1hoz kapcsol\u00f3dtak. A vet\u00e9lked\u0151n 3 f\u0151s csapatok vettek r\u00e9szt a helyi \u00e1ltal\u00e1nos iskol\u00e1kb\u00f3l. A mintegy egy\u00f3r\u00e1s j\u00e1t\u00e9kot k\u00f6vet\u0151en \u2013 t\u00e1mogat\u00f3inknak k\u00f6sz\u00f6nhet\u0151en \u2013 az els\u0151 h\u00e1rom csapat tagjai jutalomban is r\u00e9szes\u00fcltek. A produkci\u00f3kat a <em>Lesty\u00e1n Mih\u00e1lyn\u00e9<\/em> (Liszt Ferenc Alapfok\u00fa M\u0171v\u00e9szeti Iskola, igazgat\u00f3helyettes), <em>Szikor\u00e1n\u00e9 D\u00e9nes Katalin<\/em> (Pet\u0151fi M\u0171vel\u0151d\u00e9si K\u00f6zpont m\u0171vel\u0151d\u00e9sszervez\u0151), <em>Mosolyg\u00f3 Mikl\u00f3s<\/em> tan\u00e1r \u00far (eln\u00f6k) alkotta h\u00e1romtag\u00fa zs\u0171ri \u00e9rt\u00e9kelte.<\/p>\n<p>Eredm\u00e9nyek:<\/p>\n<p>I. helyezett csapat: Farkas Eszter, \tBoros Roland, Csord\u00e1s D\u00e1niel (TMKIT, V\u00f6r\u00f6smarty Tagint\u00e9zm\u00e9ny; \tfelk\u00e9sz\u00edt\u0151 tan\u00e1r: T\u00f3th Margit) \u2013 63 pont<br \/>\nII. helyezett csapat: B. Szab\u00f3 Gyula, \tB\u00e1nfi S\u00e1ndor, Szab\u00f3 Vanessza ( TMKIT, Kardosk\u00fati Tagint\u00e9zm\u00e9ny; \tfelk\u00e9sz\u00edt\u0151 tan\u00e1r: T\u00f3th Margit) \u2013 57 pont<br \/>\nIII. helyezett csapat: Rem\u00e9nyi \tErzs\u00e9bet, Albert Attila, Horv\u00e1th M\u00e1rk (E\u00f6tv\u00f6s J\u00f3zsef Katolikus \t\u00c1ltal\u00e1nos Iskola \u00e9s \u00d3voda; felk\u00e9sz\u00edt\u0151 tan\u00e1r: Sitkei Katalin) \t\u2013 44 pont<br \/>\nIV. helyezett csapat: Jenei \u00c9va, \tK\u00f3r\u00f3di D\u00f3ra, Hatos L\u00e1szl\u00f3 (TMKIT; felk\u00e9sz\u00edt\u0151 tan\u00e1r: Polg\u00e1r \tNelli) \u2013 39 pont<br \/>\nV. helyezett csapat: Harmati Beatrix, \tFarkas Melani, Nagy Nikoletta (Orosh\u00e1zi Reform\u00e1tus K\u00e9t Tan\u00edt\u00e1si \tNyelv\u0171 \u00c1ltal\u00e1nos Iskola; felk\u00e9sz\u00edt\u0151 tan\u00e1r: Veraszt\u00f3n\u00e9 Kiss \tGabriella) \u2013 28 pont<\/p>\n<p>Minden iskol\u00e1nak \u00e9s csapat\u00e1nak nagyon k\u00f6sz\u00f6nj\u00fck a r\u00e9szv\u00e9telt, \u00e9s b\u00e1r kiss\u00e9 elcs\u00e9peltnek hat, de igaz: a r\u00e9szv\u00e9tellel rem\u00e9lj\u00fck valamennyi di\u00e1k nyert, amennyiben j\u00f3l \u00e9rezte mag\u00e1t \u00e9s gazdagabb zenei ismeretekkel t\u00e1vozott a k\u00f6nyvt\u00e1rb\u00f3l.<\/p>\n<p>K\u00f6sz\u00f6net a rendezv\u00e9ny t\u00e1mogat\u00e1s\u00e1\u00e9rt Gyop\u00e1rosf\u00fcrd\u0151nek, a K\u00e9knefelejcs Cukr\u00e1szd\u00e1nak, valamint a Madrig\u00e1l K\u00f3rusnak!<\/p>\n<p>Tov\u00e1bbi fot\u00f3k\u00e9rt kattints a k\u00e9pre!<\/p>\n<p style=\"text-align: center;\"><a href=\"https:\/\/picasaweb.google.com\/115753013865007437721\/JatekAZenevel2013Aprilis10#\"><img loading=\"lazy\" decoding=\"async\" class=\"aligncenter size-medium wp-image-7951\" title=\"klikk ide!\" src=\"http:\/\/blog.justhvk.hu\/wp-content\/uploads\/2013\/04\/IMG_4208-300x225.jpg\" alt=\"\" width=\"300\" height=\"225\" \/><\/a><\/p>\n<div class=\"fcbkbttn_buttons_block\" id=\"fcbkbttn_left\"><div class=\"fcbkbttn_like \"><fb:like href=\"https:\/\/blog.justhvk.hu\/blog\/facebookos-verdi-kakukktojas-wagner\/\" action=\"like\" colorscheme=\"light\" layout=\"button_count\"  size=\"small\"><\/fb:like><\/div><div class=\"fb-share-button  \" data-href=\"https:\/\/blog.justhvk.hu\/blog\/facebookos-verdi-kakukktojas-wagner\/\" data-type=\"button_count\" data-size=\"small\"><\/div><\/div>","protected":false},"excerpt":{"rendered":"<p>Nos, mai vil\u00e1gunkban m\u00e1r nem igaz\u00e1n van m\u00f3d b\u00e1rmit is tenni, hagyom\u00e1nyos r\u00e9gi eszk\u00f6z\u00f6kkel, illetve fogalmazzunk \u00fagy, t\u00f6bb es\u00e9llyel p\u00e1ly\u00e1zhatunk egy-egy k\u00f6zl\u00e9s siker\u00e9re, ha k\u00f6vetj\u00fck a kort, melyben \u00e9l\u00fcnk, legal\u00e1bbis st\u00edlus\u00e1t, hangulat\u00e1t, formavil\u00e1g\u00e1t illet\u0151en. Ez magyarra ford\u00edtva eset\u00fcnkben annyit tesz, hogy a G. Verdi \u00e9s R. Wagner sz\u00fclet\u00e9s\u00e9nek 200. \u00e9vfordul\u00f3ja alkalm\u00e1b\u00f3l rendezett zenei j\u00e1t\u00e9kunkat az [&hellip;]<\/p>\n","protected":false},"author":4,"featured_media":0,"comment_status":"open","ping_status":"open","sticky":false,"template":"","format":"standard","meta":{"episode_type":"","audio_file":"","cover_image":"","cover_image_id":"","duration":"","filesize":"","date_recorded":"","explicit":"","block":"","filesize_raw":"","ngg_post_thumbnail":0,"footnotes":""},"categories":[243,255,452,688,689,659,661],"tags":[],"class_list":["post-8371","post","type-post","status-publish","format-standard","hentry","category-jatek","category-justh-zsigmond-varosi-konyvtar","category-oroshaza","category-verdi","category-wagner","category-zenei-evfordulok","category-zenei-vetelkedo"],"_links":{"self":[{"href":"https:\/\/blog.justhvk.hu\/blog\/wp-json\/wp\/v2\/posts\/8371","targetHints":{"allow":["GET"]}}],"collection":[{"href":"https:\/\/blog.justhvk.hu\/blog\/wp-json\/wp\/v2\/posts"}],"about":[{"href":"https:\/\/blog.justhvk.hu\/blog\/wp-json\/wp\/v2\/types\/post"}],"author":[{"embeddable":true,"href":"https:\/\/blog.justhvk.hu\/blog\/wp-json\/wp\/v2\/users\/4"}],"replies":[{"embeddable":true,"href":"https:\/\/blog.justhvk.hu\/blog\/wp-json\/wp\/v2\/comments?post=8371"}],"version-history":[{"count":0,"href":"https:\/\/blog.justhvk.hu\/blog\/wp-json\/wp\/v2\/posts\/8371\/revisions"}],"wp:attachment":[{"href":"https:\/\/blog.justhvk.hu\/blog\/wp-json\/wp\/v2\/media?parent=8371"}],"wp:term":[{"taxonomy":"category","embeddable":true,"href":"https:\/\/blog.justhvk.hu\/blog\/wp-json\/wp\/v2\/categories?post=8371"},{"taxonomy":"post_tag","embeddable":true,"href":"https:\/\/blog.justhvk.hu\/blog\/wp-json\/wp\/v2\/tags?post=8371"}],"curies":[{"name":"wp","href":"https:\/\/api.w.org\/{rel}","templated":true}]}}