{"id":8383,"date":"2013-05-02T08:13:43","date_gmt":"2013-05-02T07:13:43","guid":{"rendered":"http:\/\/blog.justhvk.hu\/?p=8001"},"modified":"2013-05-02T08:13:43","modified_gmt":"2013-05-02T07:13:43","slug":"beszamolo-az-aprilisi-moly-szombatrol","status":"publish","type":"post","link":"https:\/\/blog.justhvk.hu\/blog\/beszamolo-az-aprilisi-moly-szombatrol\/","title":{"rendered":"Besz\u00e1mol\u00f3 az \u00e1prilisi moly szombatr\u00f3l"},"content":{"rendered":"<p style=\"text-align: justify;\">Kicsit k\u00e9sve b\u00e1r, de t\u00f6rve nem, engedj\u00e9tek meg hogy p\u00e1r mondatban \u00f6sszefoglaljam az \u00e1prilisi moly tal\u00e1lkoz\u00f3nkat.<\/p>\n<p style=\"text-align: justify;\">Kedves tagunknak, <strong>Nyilas Emes\u00e9nek<\/strong> h\u00e1la hozz\u00e1nk is eljutott a nagy Moly k\u00f6nyv, melyet annak idej\u00e9n a <a href=\"http:\/\/moly.hu\">moly.hu<\/a> k\u00f6nyves oldal egyik tagja ind\u00edtott \u00fatj\u00e1ra, \u00e9s az\u00f3ta sok-sok ember tolla alatt fordult meg. Rengeteg sz\u00ednes rajz, nagyszer\u0171 id\u00e9zet \u00e9s kedves \u00fczenet van benne. \u00cdgy a tal\u00e1lkoz\u00f3n az Orosh\u00e1zi Moly Galeri be\u00edrta mag\u00e1t a nagy k\u00f6nyvbe. Szint\u00e9n Emes\u00e9nek k\u00f6sz\u00f6nhet\u0151en \u00faj molyos k\u00f6nyvjelz\u0151kh\u00f6z juthattunk a XVIII. Budapesti Nemzetk\u00f6zi K\u00f6nyvfesztiv\u00e1lr\u00f3l, illetve egy r\u00f6vid besz\u00e1mol\u00f3t hallhattunk arr\u00f3l mi is t\u00f6rt\u00e9nt ezen a neves esem\u00e9nyen.<\/p>\n<p style=\"text-align: center;\"><a href=\"http:\/\/blog.justhvk.hu\/wp-content\/uploads\/2013\/04\/922950_10201040146271686_1358728355_n.jpg\"><img loading=\"lazy\" decoding=\"async\" class=\"size-medium wp-image-8002 aligncenter\" src=\"http:\/\/blog.justhvk.hu\/wp-content\/uploads\/2013\/04\/922950_10201040146271686_1358728355_n-300x213.jpg\" alt=\"\" width=\"400\" height=\"250\" \/><\/a><\/p>\n<p style=\"text-align: justify;\">\u00daj j\u00e1t\u00e9kunk a <strong>k\u00f6nyvc\u00edmes Activity<\/strong>. Szerencs\u00e9re a molyok megbirk\u00f3ztak a feladv\u00e1nyokkal. P\u00e1rszor okozott egy kis fejt\u00f6r\u00e9st \u00e9s sokszor mosolyg\u00f3s pillanatokat. A sikerre val\u00f3 tekintettel a k\u00f6vetkez\u0151 alkalommal is sor ker\u00fcl levezet\u00e9sk\u00e9pp erre a kis j\u00e1t\u00e9kra, \u00fagyhogy addig is mindenki gyakorolja a rajzol\u00e1st, mutogat\u00e1st \u00e9s k\u00f6rbe\u00edr\u00e1st.<\/p>\n<p style=\"text-align: center;\"><a href=\"http:\/\/blog.justhvk.hu\/wp-content\/uploads\/2013\/04\/Downloads3.jpg\"><img loading=\"lazy\" decoding=\"async\" class=\"size-medium wp-image-8003 aligncenter\" src=\"http:\/\/blog.justhvk.hu\/wp-content\/uploads\/2013\/04\/Downloads3-300x187.jpg\" alt=\"\" width=\"400\" height=\"250\" \/><\/a><\/p>\n<p style=\"text-align: justify;\">Az e havi tal\u00e1lkoz\u00f3 hamarabbi id\u0151pontra ker\u00fclt, \u00edgy megszak\u00edtva eddigi hagyom\u00e1nyainkat 17 \u00f3ra helyett 15 h-kor kezdt\u00fcnk. T\u00f6bb tag is jelezte, hogy a tov\u00e1bbiakban is maradhatna ez az id\u0151pont, \u00fagyhogy ebben a posztban szeretn\u00e9m mindenki figyelm\u00e9t felh\u00edvni, hogy ezent\u00fal az OMG tal\u00e1lk\u00e1k <strong>minden h\u00f3nap utols\u00f3 szombatj\u00e1n, 15 \u00f3rakor<\/strong> kezd\u0151dnek. Illetve a j\u00f3 id\u0151re val\u00f3 tekintettel a galeri val\u00f3sz\u00edn\u0171leg kiv\u00e1ndorol a szabadba. R\u00e9szletek k\u00e9s\u0151bb.<\/p>\n<p style=\"text-align: justify;\">M\u00e1jusban m\u00e1r <strong>f\u00e9l \u00e9v<\/strong>esek lesz\u00fcnk! Ez alkalomb\u00f3l pr\u00f3b\u00e1lunk majd n\u00e9mi meglepet\u00e9ssel kedveskedni a tagoknak a tal\u00e1lkoz\u00f3n.<\/p>\n<p style=\"text-align: justify;\">Teh\u00e1t j\u00f6v\u0151 h\u00f3napban is <strong>OMG<\/strong>, azaz Orosh\u00e1zi Moly Galeri! Csatlakozzatok hozz\u00e1nk \u00e9l\u0151ben illetve a\u00a0<a title=\"facebook\" href=\"https:\/\/www.facebook.com\/groups\/509279105759736\/\" target=\"_blank\">https:\/\/www.facebook.com\/groups\/509279105759736\/<\/a> oldalunkon. \u00a0Addig is j\u00f3 molyol\u00e1st mindenkinek!<\/p>\n<div class=\"fcbkbttn_buttons_block\" id=\"fcbkbttn_left\"><div class=\"fcbkbttn_like \"><fb:like href=\"https:\/\/blog.justhvk.hu\/blog\/beszamolo-az-aprilisi-moly-szombatrol\/\" action=\"like\" colorscheme=\"light\" layout=\"button_count\"  size=\"small\"><\/fb:like><\/div><div class=\"fb-share-button  \" data-href=\"https:\/\/blog.justhvk.hu\/blog\/beszamolo-az-aprilisi-moly-szombatrol\/\" data-type=\"button_count\" data-size=\"small\"><\/div><\/div>","protected":false},"excerpt":{"rendered":"<p>Kicsit k\u00e9sve b\u00e1r, de t\u00f6rve nem, engedj\u00e9tek meg hogy p\u00e1r mondatban \u00f6sszefoglaljam az \u00e1prilisi moly tal\u00e1lkoz\u00f3nkat. Kedves tagunknak, Nyilas Emes\u00e9nek h\u00e1la hozz\u00e1nk is eljutott a nagy Moly k\u00f6nyv, melyet annak idej\u00e9n a moly.hu k\u00f6nyves oldal egyik tagja ind\u00edtott \u00fatj\u00e1ra, \u00e9s az\u00f3ta sok-sok ember tolla alatt fordult meg. Rengeteg sz\u00ednes rajz, nagyszer\u0171 id\u00e9zet \u00e9s kedves \u00fczenet [&hellip;]<\/p>\n","protected":false},"author":12,"featured_media":0,"comment_status":"open","ping_status":"open","sticky":false,"template":"","format":"standard","meta":{"episode_type":"","audio_file":"","cover_image":"","cover_image_id":"","duration":"","filesize":"","date_recorded":"","explicit":"","block":"","filesize_raw":"","ngg_post_thumbnail":0,"footnotes":""},"categories":[243,255,444,452,466,503],"tags":[],"class_list":["post-8383","post","type-post","status-publish","format-standard","hentry","category-jatek","category-justh-zsigmond-varosi-konyvtar","category-omg","category-oroshaza","category-oroshazi-moly-galeri","category-programajanlo"],"_links":{"self":[{"href":"https:\/\/blog.justhvk.hu\/blog\/wp-json\/wp\/v2\/posts\/8383","targetHints":{"allow":["GET"]}}],"collection":[{"href":"https:\/\/blog.justhvk.hu\/blog\/wp-json\/wp\/v2\/posts"}],"about":[{"href":"https:\/\/blog.justhvk.hu\/blog\/wp-json\/wp\/v2\/types\/post"}],"author":[{"embeddable":true,"href":"https:\/\/blog.justhvk.hu\/blog\/wp-json\/wp\/v2\/users\/12"}],"replies":[{"embeddable":true,"href":"https:\/\/blog.justhvk.hu\/blog\/wp-json\/wp\/v2\/comments?post=8383"}],"version-history":[{"count":0,"href":"https:\/\/blog.justhvk.hu\/blog\/wp-json\/wp\/v2\/posts\/8383\/revisions"}],"wp:attachment":[{"href":"https:\/\/blog.justhvk.hu\/blog\/wp-json\/wp\/v2\/media?parent=8383"}],"wp:term":[{"taxonomy":"category","embeddable":true,"href":"https:\/\/blog.justhvk.hu\/blog\/wp-json\/wp\/v2\/categories?post=8383"},{"taxonomy":"post_tag","embeddable":true,"href":"https:\/\/blog.justhvk.hu\/blog\/wp-json\/wp\/v2\/tags?post=8383"}],"curies":[{"name":"wp","href":"https:\/\/api.w.org\/{rel}","templated":true}]}}