{"id":9362,"date":"2014-06-18T13:52:31","date_gmt":"2014-06-18T13:52:31","guid":{"rendered":"https:\/\/www.justhvk.hu\/blog\/?p=9362"},"modified":"2014-06-18T13:54:38","modified_gmt":"2014-06-18T13:54:38","slug":"ket-uj-helyi-kotet","status":"publish","type":"post","link":"https:\/\/blog.justhvk.hu\/blog\/ket-uj-helyi-kotet\/","title":{"rendered":"K\u00e9t \u00faj helyi k\u00f6tet"},"content":{"rendered":"<p>K\u00f6nyvt\u00e1runk t\u00f6bbek k\u00f6z\u00f6tt <a href=\"https:\/\/www.justhvk.hu\/blog\/?p=9333\">k\u00e9t helyi k\u00f6tet bemutat\u00e1s\u00e1val<\/a> kapcsol\u00f3dott a 85. \u00dcnnepi K\u00f6nyvh\u00e9t rendezv\u00e9nyeihez.<\/p>\n<p><em>J\u00e1rt\u00f3 R\u00f3za<\/em> \u00e9s <em>Witt M\u00e1rta<\/em> neve m\u00e1r nem ismeretlen a helyi sz\u00e9pirodalmat kedvel\u0151k k\u00f6r\u00e9ben. El\u0151bbi m\u00e1sodik, ut\u00f3bbi tizenharmadik k\u00f6tet\u00e9vel jelentkezett. J\u00e1rt\u00f3 R\u00f3za <em>Golgot\u00e1k \u00e9s kisdedek<\/em>\u00a0c\u00edm\u0171 munk\u00e1ja novell\u00e1k sor\u00e1val mes\u00e9l a mindennapi \u00e9letr\u0151l, melybe \u201eotp-s kaland\u201d \u00e9pp\u00fagy belef\u00e9r, mint egy-egy \u00e9rzelmesebb t\u00f6rt\u00e9net. A kem\u00e9ny t\u00e1bl\u00e1s k\u00f6nyv bor\u00edt\u00f3j\u00e1n <em>Siess Zsuzsa<\/em> ikonk\u00e9pe l\u00e1that\u00f3. A j\u00fanius 13-ai bemutat\u00f3n r\u00e9sz vett a szerkeszt\u0151 <em>dr. Kov\u00e1cs Gyula<\/em>, a k\u00f6tetb\u0151l pedig a szerz\u0151 \u00e9s fia olvasott fel r\u00e9szleteket.<\/p>\n<p>Witt M\u00e1rta <em>Eml\u00e9kirat<\/em> c\u00edm\u0171 \u00fajabb k\u00f6tet\u00e9vel a holokauszthoz kapcsol\u00f3d\u00f3 verseket \u00e9s t\u00f6rt\u00e9neteket tett k\u00f6zz\u00e9. A szem\u00e9lyes hangv\u00e9tel\u0171 k\u00f6nyv kor\u00e1bbi \u00e9s eg\u00e9szen friss anyagokat is tartalmaz. A szerz\u0151 e munk\u00e1j\u00e1val is a t\u0151le kor\u00e1bban megszokott \u00e9rz\u00e9kenys\u00e9ggel mutatja be saj\u00e1t \u00e9s bar\u00e1tai \u00e9let\u00e9nek tragikumait.\u00a0A j\u00fanius 14-ei bemutat\u00f3n a szerz\u0151 \u00e9s <em>R\u00f3zsa Di\u00e1n<\/em>a magyar nyelv \u00e9s irodalom szakos tan\u00e1r olvasott fel a megjelent k\u00f6tetb\u0151l. K\u00f6nyvt\u00e1runk ezzel a rendezv\u00e9nnyel eml\u00e9kezett meg a holokauszt 70. \u00e9vfordul\u00f3j\u00e1ra.<\/p>\n<p>A fot\u00f3kat J\u00e1rt\u00f3 R\u00f3za k\u00f6nyvbemutat\u00f3j\u00e1r\u00f3l <a href=\"https:\/\/picasaweb.google.com\/115753013865007437721\/JartoRozaKonyvbemutatoja2014Junius13\">itt<\/a>, Witt M\u00e1rta k\u00f6nyvbemutat\u00f3j\u00e1r\u00f3l <a href=\"https:\/\/picasaweb.google.com\/115753013865007437721\/WittMartaKonyvbemutatoja2014Junius14\">itt<\/a> lehet megtekinteni.<\/p>\n<div class=\"fcbkbttn_buttons_block\" id=\"fcbkbttn_left\"><div class=\"fcbkbttn_like \"><fb:like href=\"https:\/\/blog.justhvk.hu\/blog\/ket-uj-helyi-kotet\/\" action=\"like\" colorscheme=\"light\" layout=\"button_count\"  size=\"small\"><\/fb:like><\/div><div class=\"fb-share-button  \" data-href=\"https:\/\/blog.justhvk.hu\/blog\/ket-uj-helyi-kotet\/\" data-type=\"button_count\" data-size=\"small\"><\/div><\/div>","protected":false},"excerpt":{"rendered":"<p>K\u00f6nyvt\u00e1runk t\u00f6bbek k\u00f6z\u00f6tt k\u00e9t helyi k\u00f6tet bemutat\u00e1s\u00e1val kapcsol\u00f3dott a 85. \u00dcnnepi K\u00f6nyvh\u00e9t rendezv\u00e9nyeihez. J\u00e1rt\u00f3 R\u00f3za \u00e9s Witt M\u00e1rta neve m\u00e1r nem ismeretlen a helyi sz\u00e9pirodalmat kedvel\u0151k k\u00f6r\u00e9ben. El\u0151bbi m\u00e1sodik, ut\u00f3bbi tizenharmadik k\u00f6tet\u00e9vel jelentkezett. J\u00e1rt\u00f3 R\u00f3za Golgot\u00e1k \u00e9s kisdedek\u00a0c\u00edm\u0171 munk\u00e1ja novell\u00e1k sor\u00e1val mes\u00e9l a mindennapi \u00e9letr\u0151l, melybe \u201eotp-s kaland\u201d \u00e9pp\u00fagy belef\u00e9r, mint egy-egy \u00e9rzelmesebb t\u00f6rt\u00e9net. A [&hellip;]<\/p>\n","protected":false},"author":4,"featured_media":9363,"comment_status":"open","ping_status":"open","sticky":false,"template":"","format":"standard","meta":{"episode_type":"","audio_file":"","cover_image":"","cover_image_id":"","duration":"","filesize":"","date_recorded":"","explicit":"","block":"","filesize_raw":"","ngg_post_thumbnail":0,"footnotes":""},"categories":[725,677,255,282,287,452,648],"tags":[],"class_list":["post-9362","post","type-post","status-publish","format-standard","has-post-thumbnail","hentry","category-holokauszt","category-jarto-roza","category-justh-zsigmond-varosi-konyvtar","category-konyvbemutato","category-konyvhet","category-oroshaza","category-witt-marta"],"_links":{"self":[{"href":"https:\/\/blog.justhvk.hu\/blog\/wp-json\/wp\/v2\/posts\/9362","targetHints":{"allow":["GET"]}}],"collection":[{"href":"https:\/\/blog.justhvk.hu\/blog\/wp-json\/wp\/v2\/posts"}],"about":[{"href":"https:\/\/blog.justhvk.hu\/blog\/wp-json\/wp\/v2\/types\/post"}],"author":[{"embeddable":true,"href":"https:\/\/blog.justhvk.hu\/blog\/wp-json\/wp\/v2\/users\/4"}],"replies":[{"embeddable":true,"href":"https:\/\/blog.justhvk.hu\/blog\/wp-json\/wp\/v2\/comments?post=9362"}],"version-history":[{"count":3,"href":"https:\/\/blog.justhvk.hu\/blog\/wp-json\/wp\/v2\/posts\/9362\/revisions"}],"predecessor-version":[{"id":9366,"href":"https:\/\/blog.justhvk.hu\/blog\/wp-json\/wp\/v2\/posts\/9362\/revisions\/9366"}],"wp:featuredmedia":[{"embeddable":true,"href":"https:\/\/blog.justhvk.hu\/blog\/wp-json\/wp\/v2\/media\/9363"}],"wp:attachment":[{"href":"https:\/\/blog.justhvk.hu\/blog\/wp-json\/wp\/v2\/media?parent=9362"}],"wp:term":[{"taxonomy":"category","embeddable":true,"href":"https:\/\/blog.justhvk.hu\/blog\/wp-json\/wp\/v2\/categories?post=9362"},{"taxonomy":"post_tag","embeddable":true,"href":"https:\/\/blog.justhvk.hu\/blog\/wp-json\/wp\/v2\/tags?post=9362"}],"curies":[{"name":"wp","href":"https:\/\/api.w.org\/{rel}","templated":true}]}}