{"id":9594,"date":"2014-08-27T09:15:03","date_gmt":"2014-08-27T09:15:03","guid":{"rendered":"https:\/\/www.justhvk.hu\/blog\/?p=9594"},"modified":"2014-08-27T09:15:03","modified_gmt":"2014-08-27T09:15:03","slug":"konyvtari-konyvkereses-a-molyon-is","status":"publish","type":"post","link":"https:\/\/blog.justhvk.hu\/blog\/konyvtari-konyvkereses-a-molyon-is\/","title":{"rendered":"K\u00f6nyvt\u00e1ri k\u00f6nyvkeres\u00e9s a Molyon is"},"content":{"rendered":"<p><span style=\"line-height: 1.5em;\">Valamikor a ny\u00e1r elej\u00e9n keresett meg <\/span><em style=\"line-height: 1.5em;\">Nagy Bence<\/em><span style=\"line-height: 1.5em;\">, a <a href=\"http:\/\/moly.hu\/\">Moly.hu<\/a> alap\u00edt\u00f3ja egy nagyszer\u0171 \u00f6tlettel: mi lenne akkor, ha a Moly felhaszn\u00e1l\u00f3ja r\u00f6gt\u00f6n az adott k\u00f6nyv adatlapj\u00e1r\u00f3l, egy kattint\u00e1ssal el\u00e9rhetn\u00e9 az \u00e1ltala v\u00e1lasztott k\u00f6nyvt\u00e1r katal\u00f3gus\u00e1t, azaz a Molyr\u00f3l is megn\u00e9zhetn\u00e9, hogy bent van-e a k\u00f6nyvt\u00e1rban a keresett k\u00f6nyv.\u00a0<\/span><\/p>\n<div id=\"attachment_9595\" style=\"width: 1017px\" class=\"wp-caption aligncenter\"><a style=\"line-height: 1.5em;\" href=\"http:\/\/moly.hu\/bejegyzesek\/konyvtarosok-kerestetnek\"><img loading=\"lazy\" decoding=\"async\" aria-describedby=\"caption-attachment-9595\" class=\"size-full wp-image-9595\" alt=\"moly\" src=\"https:\/\/www.justhvk.hu\/blog\/wp-content\/uploads\/2014\/08\/moly.jpg\" width=\"1007\" height=\"767\" \/><\/a><p id=\"caption-attachment-9595\" class=\"wp-caption-text\">a teljes bejegyz\u00e9s\u00e9rt kattints a k\u00e9pre<\/p><\/div>\n<p style=\"text-align: left;\">(a teljes bejegyz\u00e9s\u00e9rt kattints a k\u00e9pre)<\/p>\n<p style=\"text-align: left;\">H\u00e1t hogy a csod\u00e1ba ne fogadtuk volna \u00f6r\u00f6mmel a megkeres\u00e9st? Hiszen az egy\u00fcttm\u0171k\u00f6d\u00e9ssel j\u00f3l j\u00e1r a k\u00f6nyvt\u00e1r, j\u00f3l j\u00e1r a Moly, \u00e9s rem\u00e9nyeink szerint j\u00f3l j\u00e1r az olvas\u00f3 is.<\/p>\n<p style=\"text-align: left;\">A Heti Attila <a href=\"http:\/\/konyvtaros.tumblr.com\/post\/95838876447\/konyvtarakba-mennek-osszel-a-nyari-molyolok-es-a\">ut\u00e1nament a sztorinak<\/a>, \u00e9s amellett, hogy Benc\u00e9t meginterj\u00favolta, megk\u00e9rdezett egy fiatal k\u00f6nyvt\u00e1rost is,<em> J\u00e1vorka Brigitt\u00e1t<\/em>, aki <a href=\"https:\/\/listserv.niif.hu\/pipermail\/katalist\/2014-August\/031446.html\">a k\u00f6nyvt\u00e1ros levelez\u0151list\u00e1n n\u00e9pszer\u0171s\u00edtette<\/a> a kezdem\u00e9nyez\u00e9st. Mivel szebben mi magunk sem fogalmazhatn\u00e1nk, most \u0151t id\u00e9zz\u00fck:<\/p>\n<blockquote>\n<p style=\"text-align: left;\">&#8222;A Moly.hu egy nagyon n\u00e9pszer\u0171 k\u00f6nyves k\u00f6z\u00f6ss\u00e9gi oldal, aminek a felhaszn\u00e1l\u00f3i (potenci\u00e1lis) k\u00f6nyvt\u00e1rhaszn\u00e1l\u00f3k. Ha az \u0151 fel\u00fclet\u00fck\u00f6n kereszt\u00fcl is el\u00e9rhet\u0151ek lenn\u00e9nek a katal\u00f3gusok, azzal megk\u00f6nny\u00edthetn\u00e9nk a haszn\u00e1l\u00f3ink dolg\u00e1t, hiszen alig p\u00e1r kattint\u00e1ssal a kiv\u00e1lasztott k\u00f6nyv k\u00f6nyvt\u00e1ri el\u00e9rhet\u0151s\u00e9geihez jutn\u00e1nak. Illetve olyanokat is megsz\u00f3l\u00edthatn\u00e1nk, akiket mi eddig nem, de ez az oldal k\u00e9pes volt el\u00e9rni. Tulajdonk\u00e9ppen egy \u00faj csatorna j\u00f6nne l\u00e9tre, amin kereszt\u00fcl kommunik\u00e1lhatunk az olvas\u00f3kkal. Nem gondolom, hogy ez b\u00e1rmilyen k\u00f6nyvt\u00e1ri oldal sz\u00e1m\u00e1ra konkurenci\u00e1t jelentene, nek\u00fcnk csak j\u00f3, ha a gy\u0171jtem\u00e9ny\u00fcnk adatai a lehet\u0151 legt\u00f6bb fel\u00fcleten mutatkoznak meg, hiszen \u00edgy tal\u00e1lnak meg minket az olvas\u00f3k a legk\u00f6nnyebben, \u00edgy v\u00e1lunk l\u00e1that\u00f3v\u00e1.&#8221;<\/p>\n<\/blockquote>\n<p style=\"text-align: left;\">H\u00e1t \u00edgy. K\u00f6sz\u00f6nj\u00fck, hogy r\u00e9szt vehet\u00fcnk a tesztel\u00e9sben, rem\u00e9lj\u00fck, sok-sok keres\u00e9s lesz majd az olvas\u00f3k reakci\u00f3ja. \u00c9s m\u00e9g jobban rem\u00e9lj\u00fck, hogy sok tal\u00e1lat is.<\/p>\n<p style=\"text-align: left;\">\n<div class=\"fcbkbttn_buttons_block\" id=\"fcbkbttn_left\"><div class=\"fcbkbttn_like \"><fb:like href=\"https:\/\/blog.justhvk.hu\/blog\/konyvtari-konyvkereses-a-molyon-is\/\" action=\"like\" colorscheme=\"light\" layout=\"button_count\"  size=\"small\"><\/fb:like><\/div><div class=\"fb-share-button  \" data-href=\"https:\/\/blog.justhvk.hu\/blog\/konyvtari-konyvkereses-a-molyon-is\/\" data-type=\"button_count\" data-size=\"small\"><\/div><\/div>","protected":false},"excerpt":{"rendered":"<p>Valamikor a ny\u00e1r elej\u00e9n keresett meg Nagy Bence, a Moly.hu alap\u00edt\u00f3ja egy nagyszer\u0171 \u00f6tlettel: mi lenne akkor, ha a Moly felhaszn\u00e1l\u00f3ja r\u00f6gt\u00f6n az adott k\u00f6nyv adatlapj\u00e1r\u00f3l, egy kattint\u00e1ssal el\u00e9rhetn\u00e9 az \u00e1ltala v\u00e1lasztott k\u00f6nyvt\u00e1r katal\u00f3gus\u00e1t, azaz a Molyr\u00f3l is megn\u00e9zhetn\u00e9, hogy bent van-e a k\u00f6nyvt\u00e1rban a keresett k\u00f6nyv.\u00a0 (a teljes bejegyz\u00e9s\u00e9rt kattints a k\u00e9pre) H\u00e1t hogy [&hellip;]<\/p>\n","protected":false},"author":5,"featured_media":0,"comment_status":"open","ping_status":"open","sticky":false,"template":"","format":"standard","meta":{"episode_type":"","audio_file":"","cover_image":"","cover_image_id":"","duration":"","filesize":"","date_recorded":"","explicit":"","block":"","filesize_raw":"","ngg_post_thumbnail":0,"footnotes":""},"categories":[255,407,452,515,528],"tags":[],"class_list":["post-9594","post","type-post","status-publish","format-standard","hentry","category-justh-zsigmond-varosi-konyvtar","category-molyhu","category-oroshaza","category-rolunk_irtak","category-sajtofigyeles"],"_links":{"self":[{"href":"https:\/\/blog.justhvk.hu\/blog\/wp-json\/wp\/v2\/posts\/9594","targetHints":{"allow":["GET"]}}],"collection":[{"href":"https:\/\/blog.justhvk.hu\/blog\/wp-json\/wp\/v2\/posts"}],"about":[{"href":"https:\/\/blog.justhvk.hu\/blog\/wp-json\/wp\/v2\/types\/post"}],"author":[{"embeddable":true,"href":"https:\/\/blog.justhvk.hu\/blog\/wp-json\/wp\/v2\/users\/5"}],"replies":[{"embeddable":true,"href":"https:\/\/blog.justhvk.hu\/blog\/wp-json\/wp\/v2\/comments?post=9594"}],"version-history":[{"count":5,"href":"https:\/\/blog.justhvk.hu\/blog\/wp-json\/wp\/v2\/posts\/9594\/revisions"}],"predecessor-version":[{"id":9600,"href":"https:\/\/blog.justhvk.hu\/blog\/wp-json\/wp\/v2\/posts\/9594\/revisions\/9600"}],"wp:attachment":[{"href":"https:\/\/blog.justhvk.hu\/blog\/wp-json\/wp\/v2\/media?parent=9594"}],"wp:term":[{"taxonomy":"category","embeddable":true,"href":"https:\/\/blog.justhvk.hu\/blog\/wp-json\/wp\/v2\/categories?post=9594"},{"taxonomy":"post_tag","embeddable":true,"href":"https:\/\/blog.justhvk.hu\/blog\/wp-json\/wp\/v2\/tags?post=9594"}],"curies":[{"name":"wp","href":"https:\/\/api.w.org\/{rel}","templated":true}]}}