{"id":9953,"date":"2014-12-18T15:22:07","date_gmt":"2014-12-18T15:22:07","guid":{"rendered":"https:\/\/www.justhvk.hu\/blog\/?p=9953"},"modified":"2014-12-18T15:25:48","modified_gmt":"2014-12-18T15:25:48","slug":"harang-csendul-enek-zendul","status":"publish","type":"post","link":"https:\/\/blog.justhvk.hu\/blog\/harang-csendul-enek-zendul\/","title":{"rendered":"&#8222;Harang csend\u00fcl \/\u00c9nek zend\u00fcl"},"content":{"rendered":"<p>A nyugd\u00edjas pedag\u00f3gusok Justh Zsigmond olvas\u00f3k\u00f6re december 10-\u00e9n tartotta ez \u00e9vi utols\u00f3 \u00f6sszej\u00f6vetel\u00e9t. A t\u00e9ma mi is lehetett volna m\u00e1s, mint az \u00e9v \u00f6sszegz\u00e9se, az \u00fcnnepv\u00e1r\u00e1s, a kar\u00e1csonyv\u00e1r\u00e1s.<\/p>\n<p>\u00d6sszegz\u00e9s a Nobel-d\u00edj is, amelyet hagyom\u00e1nyosan az alap\u00edt\u00f3 Alfred Nobel hal\u00e1l\u00e1nak napj\u00e1n, december 10-\u00e9n adnak \u00e1t Stockholmban. Az idei irodalmi Nobel-d\u00edjas Patrick Modiano , 69 \u00e9ves francia \u00edr\u00f3. Modianot az eml\u00e9kez\u00e9s, a lelkiismeret , a h\u0171s\u00e9g \u00edr\u00f3jak\u00e9nt emlegetik leggyakrabban, akinek \u2013 egyik f\u0151 t\u00e9m\u00e1ja a n\u00e1ci megsz\u00e1ll\u00e1s, a zsid\u00f3\u00fcld\u00f6z\u00e9sek kora. A t\u00fal\u00e9l\u00e9s lehet\u0151s\u00e9ge vagy \u00e9ppen lehetetlens\u00e9ge. Modiano m\u0171vei k\u00f6z\u00fcl n\u00e1lunk a Dora Bruder \u00e9s a 2014-ben megjelent a kis Bizsu c\u00edm\u0171 reg\u00e9nye a legismertebb.<\/p>\n<p style=\"text-align: center;\"><a href=\"https:\/\/plus.google.com\/photos\/115753013865007437721\/albums\/6091584892353769409?banner=pwa\"><img loading=\"lazy\" decoding=\"async\" class=\"aligncenter size-full wp-image-9955\" alt=\"olvasokor_20141210\" src=\"https:\/\/www.justhvk.hu\/blog\/wp-content\/uploads\/2014\/12\/olvasokor_20141210.jpg\" width=\"720\" height=\"540\" \/><\/a><\/p>\n<p>December neve a nyelv\u00faj\u00edt\u00f3k javaslata szerint \u201efagyl\u00e1ros\u201d lehetett volna. No, ebben az \u00e9vben sem igen fagyoskodtunk m\u00e9g, ann\u00e1l tal\u00e1l\u00f3bb a magyar n\u00e9pi kalend\u00e1rium elnevez\u00e9se: \u201ekar\u00e1csony hava\u201d. Az olvas\u00f3k\u00f6r tagjai is els\u0151sorban ehhez az \u00fcnnephez kapcsol\u00f3d\u00f3an hozt\u00e1k el kedves verseiket. Gy\u00f6ny\u00f6r\u0171s\u00e9ges volt Szab\u00f3 Gyula el\u0151ad\u00e1s\u00e1ban Ady Endre T\u00e9li rege c\u00edm\u0171 vers\u00e9t hallgatni \u2013 n\u00e9zni, \u00e9s nem lehet megunni J\u00f3zsef Attila Betlehemi kir\u00e1lyok c\u00edm\u0171 kedves vers\u00e9t sem. De \u00fajdons\u00e1gok is elhangoztak. Egyh\u00e1zi \u00e9nekk\u00e9nt k\u00f6zismert a Fel nagy \u00f6r\u00f6mre! c\u00edm\u0171 \u00e9nek, \u00e9s most megtudtuk, a szerz\u0151 G\u00e1rdonyi G\u00e9za. T\u00farmezei Erzs\u00e9bet \u00e9s Rad\u00f3 Lili tal\u00e1n kevesek sz\u00e1m\u00e1ra ismert alkot\u00f3k, j\u00f3 volt megismerni \u0151ket. T\u00farmezei Erzs\u00e9bet k\u00f6lt\u0151, m\u0171ford\u00edt\u00f3, diakonissza, orsz\u00e1gosan ismert szem\u00e9lyis\u00e9ge a hazai vall\u00e1sos irodalomnak. Kar\u00e1csony el\u0151tt c\u00edm\u0171 vers\u00e9t hallgattuk meg \u2013 a m\u00e9lys\u00e9ges hit, az elhivatotts\u00e1g tiszta, \u0151szinte hangja mag\u00e1val ragadott mindannyiunkat. Kedves, \u00fcde hang Rad\u00f3 Lili Mit \u00fczen az erd\u0151? c\u00edm\u0171 verse. A kar\u00e1csony m\u00e1s n\u00e9pek, m\u00e1s m\u0171v\u00e9szeti \u00e1gak \u00f6r\u00f6k t\u00e9m\u00e1ja, ihlet\u0151je is. Egy angol n\u00e9pk\u00f6lt\u00e9st nemcsak hallgattunk,lelkesen ism\u00e9telt\u00fck is a refr\u00e9nt &#8211; \u201eEgy cs\u00edz a csupasz k\u00f6rtef\u00e1n\u201d &#8211; \u00e9ppen tizenegyszer! De a kar\u00e1csony a k\u00e9pz\u0151m\u0171v\u00e9szet ihlet\u0151je is \u2013 err\u0151l olyan \u00e9rdekes gondolatokat hallhattunk, hogy val\u00f3sz\u00edn\u0171, \u00f6n\u00e1ll\u00f3 est\u00e9t is szentel\u00fcnk a t\u00e9m\u00e1nak.<\/p>\n<p>A decemberhez hozz\u00e1tartozik a Mikul\u00e1s \u2013 egy hangulatos kisfilmet n\u00e9zt\u00fcnk meg Lappf\u00f6ldr\u0151l, a Mikul\u00e1s f\u00f6ldj\u00e9r\u0151l. De n\u00e9vnapokban is gazdag a december \u2013 Arany J\u00e1nos Sz\u00e1sz K\u00e1rollyal egy\u00fctt \u00edrta a \u201eN\u00e9vnapi k\u00f6sz\u00f6nt\u0151 Mentovich Ferencnek\u201d c\u00edm\u0171 vid\u00e1m, \u00e9v\u0151d\u0151 hang\u00fa verset.<\/p>\n<p>Mivel is z\u00e1rhattuk volna ezt az est\u00e9t \u2013 b\u00e9k\u00e9s, \u00e1ldott \u00fcnnepet, boldog \u00faj esztend\u0151t k\u00edv\u00e1nunk \u00e9s tal\u00e1lkozunk az \u00faj \u00e9vben \u2013 2015. janu\u00e1r 14.\u00e9n.<\/p>\n<p>Fot\u00f3k a tal\u00e1lkoz\u00f3r\u00f3l a k\u00e9pt\u00e1runkban, <a href=\"https:\/\/plus.google.com\/photos\/115753013865007437721\/albums\/6091584892353769409?banner=pwa\">kattints a k\u00e9pre<\/a>!<\/p>\n<div class=\"fcbkbttn_buttons_block\" id=\"fcbkbttn_left\"><div class=\"fcbkbttn_like \"><fb:like href=\"https:\/\/blog.justhvk.hu\/blog\/harang-csendul-enek-zendul\/\" action=\"like\" colorscheme=\"light\" layout=\"button_count\"  size=\"small\"><\/fb:like><\/div><div class=\"fb-share-button  \" data-href=\"https:\/\/blog.justhvk.hu\/blog\/harang-csendul-enek-zendul\/\" data-type=\"button_count\" data-size=\"small\"><\/div><\/div>","protected":false},"excerpt":{"rendered":"<p>A nyugd\u00edjas pedag\u00f3gusok Justh Zsigmond olvas\u00f3k\u00f6re december 10-\u00e9n tartotta ez \u00e9vi utols\u00f3 \u00f6sszej\u00f6vetel\u00e9t. A t\u00e9ma mi is lehetett volna m\u00e1s, mint az \u00e9v \u00f6sszegz\u00e9se, az \u00fcnnepv\u00e1r\u00e1s, a kar\u00e1csonyv\u00e1r\u00e1s. \u00d6sszegz\u00e9s a Nobel-d\u00edj is, amelyet hagyom\u00e1nyosan az alap\u00edt\u00f3 Alfred Nobel hal\u00e1l\u00e1nak napj\u00e1n, december 10-\u00e9n adnak \u00e1t Stockholmban. Az idei irodalmi Nobel-d\u00edjas Patrick Modiano , 69 \u00e9ves francia [&hellip;]<\/p>\n","protected":false},"author":10,"featured_media":0,"comment_status":"open","ping_status":"open","sticky":false,"template":"","format":"standard","meta":{"episode_type":"","audio_file":"","cover_image":"","cover_image_id":"","duration":"","filesize":"","date_recorded":"","explicit":"","block":"","filesize_raw":"","ngg_post_thumbnail":0,"footnotes":""},"categories":[664,255,431,441,452],"tags":[],"class_list":["post-9953","post","type-post","status-publish","format-standard","hentry","category-justh-zsigmond-olvasokor","category-justh-zsigmond-varosi-konyvtar","category-nyugdijas-pedagogusok-justh-zsigmond-olvasokore","category-olvasokorok","category-oroshaza"],"_links":{"self":[{"href":"https:\/\/blog.justhvk.hu\/blog\/wp-json\/wp\/v2\/posts\/9953","targetHints":{"allow":["GET"]}}],"collection":[{"href":"https:\/\/blog.justhvk.hu\/blog\/wp-json\/wp\/v2\/posts"}],"about":[{"href":"https:\/\/blog.justhvk.hu\/blog\/wp-json\/wp\/v2\/types\/post"}],"author":[{"embeddable":true,"href":"https:\/\/blog.justhvk.hu\/blog\/wp-json\/wp\/v2\/users\/10"}],"replies":[{"embeddable":true,"href":"https:\/\/blog.justhvk.hu\/blog\/wp-json\/wp\/v2\/comments?post=9953"}],"version-history":[{"count":5,"href":"https:\/\/blog.justhvk.hu\/blog\/wp-json\/wp\/v2\/posts\/9953\/revisions"}],"predecessor-version":[{"id":9959,"href":"https:\/\/blog.justhvk.hu\/blog\/wp-json\/wp\/v2\/posts\/9953\/revisions\/9959"}],"wp:attachment":[{"href":"https:\/\/blog.justhvk.hu\/blog\/wp-json\/wp\/v2\/media?parent=9953"}],"wp:term":[{"taxonomy":"category","embeddable":true,"href":"https:\/\/blog.justhvk.hu\/blog\/wp-json\/wp\/v2\/categories?post=9953"},{"taxonomy":"post_tag","embeddable":true,"href":"https:\/\/blog.justhvk.hu\/blog\/wp-json\/wp\/v2\/tags?post=9953"}],"curies":[{"name":"wp","href":"https:\/\/api.w.org\/{rel}","templated":true}]}}